{"id":4029,"date":"2015-02-16T05:00:00","date_gmt":"2015-02-16T05:00:00","guid":{"rendered":""},"modified":"2015-02-16T05:00:00","modified_gmt":"2015-02-16T05:00:00","slug":"mas-ninos-tendran-riesgos-de-una-alta-presion-arterial","status":"publish","type":"post","link":"https:\/\/sertv.gob.pa\/nacionalfm\/mas-ninos-tendran-riesgos-de-una-alta-presion-arterial\/","title":{"rendered":"M\u00e1s ni\u00f1os tendr\u00e1n riesgos de una alta presi\u00f3n arterial"},"content":{"rendered":"<p>\nUn nuevo estudio encuentra que el peligro de una presi\u00f3n arterial alta en los adolescentes estadounidenses aument\u00f3 en un 27% en los \u00faltimos 13 a\u00f1os, a medida que la cintura se hace m\u00e1s gruesa y los ni\u00f1os consumen m\u00e1s sal en sus dietas. <\/p>\n<p>\u00abLa presi\u00f3n arterial alta es un factor de riesgo predominante para sufrir de un derrame cerebral y las tasas de derrames cerebrales han aumentado en los ni\u00f1os de los Estados Unidos en a\u00f1os recientes,\u00bb expres\u00f3 el Dr. David Katz, director del Centro de Investigaci\u00f3n de Prevenci\u00f3n de la Universidad Yale (Yale University Prevention Research Center). \u00a0 <\/p>\n<p>\u00a0Los investigadores de Harvard recolectaron datos de m\u00e1s de 3,200 ni\u00f1os entre las edades de 8 a 17 a\u00f1os, los cuales tomaron parte en la encuesta sobre Salud Nacional y Pruebas de Nutrici\u00f3n (National Health and Nutrition Examination) desde 1988 hasta 1994, compar\u00e1ndolos con m\u00e1s de 8,300 ni\u00f1os de la misma encuesta desde 1999 hasta el 2008. <\/p>\n<p>Los investigadores se\u00f1alaron que aunque los ni\u00f1os en el estudio tuvieron una presi\u00f3n arterial elevada, ellos no pudieron ser clasificados como hipertensos ya que los resultados deben ser altos tres veces seguidas para tener ese diagn\u00f3stico. <\/p>\n<p>A medida que la epidemia de obesidad contin\u00faa, los doctores ven, cada vez, a m\u00e1s ni\u00f1os con presi\u00f3n arterial alta, dijo un experto. <\/p>\n<p>\u00abHoy solamente, voy a ver de 10 a 15 [pacientes], la mayor\u00eda adolescentes, que tienen sobrepeso y sufren de hipertensi\u00f3n,\u00bb manifest\u00f3 la Dra. Ana Paredes, una pediatra nefr\u00f3loga del Hospital de Ni\u00f1os de Miami. <\/p>\n<p>El primer paso al tratar estos ni\u00f1os es cambiar sus dietas e incrementar la cantidad de ejercicios que hacen, dijo Paredes. \u00abYo les doy un plan que puedan seguir,\u00bb ella indic\u00f3. \u00abLes digo que traten de perder una libra a la semana.\u00bb Paredes tambi\u00e9n les aconseja a sus pacientes que reduzcan la sal en sus dietas. \u00a0 <\/p>\n<p>\u00a0 <\/p>\n","protected":false},"excerpt":{"rendered":"<p>Un nuevo estudio encuentra que el peligro de una presi\u00f3n <a href=\"https:\/\/sertv.gob.pa\/nacionalfm\/mas-ninos-tendran-riesgos-de-una-alta-presion-arterial\/\"> [&#8230;]<\/a><\/p>\n","protected":false},"author":1,"featured_media":4030,"comment_status":"closed","ping_status":"closed","sticky":false,"template":"","format":"standard","meta":{"footnotes":""},"categories":[5],"tags":[],"class_list":["post-4029","post","type-post","status-publish","format-standard","has-post-thumbnail","hentry","category-salud"],"_links":{"self":[{"href":"https:\/\/sertv.gob.pa\/nacionalfm\/wp-json\/wp\/v2\/posts\/4029","targetHints":{"allow":["GET"]}}],"collection":[{"href":"https:\/\/sertv.gob.pa\/nacionalfm\/wp-json\/wp\/v2\/posts"}],"about":[{"href":"https:\/\/sertv.gob.pa\/nacionalfm\/wp-json\/wp\/v2\/types\/post"}],"author":[{"embeddable":true,"href":"https:\/\/sertv.gob.pa\/nacionalfm\/wp-json\/wp\/v2\/users\/1"}],"replies":[{"embeddable":true,"href":"https:\/\/sertv.gob.pa\/nacionalfm\/wp-json\/wp\/v2\/comments?post=4029"}],"version-history":[{"count":0,"href":"https:\/\/sertv.gob.pa\/nacionalfm\/wp-json\/wp\/v2\/posts\/4029\/revisions"}],"wp:featuredmedia":[{"embeddable":true,"href":"https:\/\/sertv.gob.pa\/nacionalfm\/wp-json\/wp\/v2\/media\/4030"}],"wp:attachment":[{"href":"https:\/\/sertv.gob.pa\/nacionalfm\/wp-json\/wp\/v2\/media?parent=4029"}],"wp:term":[{"taxonomy":"category","embeddable":true,"href":"https:\/\/sertv.gob.pa\/nacionalfm\/wp-json\/wp\/v2\/categories?post=4029"},{"taxonomy":"post_tag","embeddable":true,"href":"https:\/\/sertv.gob.pa\/nacionalfm\/wp-json\/wp\/v2\/tags?post=4029"}],"curies":[{"name":"wp","href":"https:\/\/api.w.org\/{rel}","templated":true}]}}