{"id":4031,"date":"2015-02-16T05:00:00","date_gmt":"2015-02-16T05:00:00","guid":{"rendered":""},"modified":"2015-02-16T05:00:00","modified_gmt":"2015-02-16T05:00:00","slug":"cruz-roja-denuncia-ataques-a-voluntarios-en-guinea","status":"publish","type":"post","link":"https:\/\/sertv.gob.pa\/nacionalfm\/cruz-roja-denuncia-ataques-a-voluntarios-en-guinea\/","title":{"rendered":"Cruz Roja denuncia ataques a voluntarios en Guinea"},"content":{"rendered":"<p>\nEl comit\u00e9 internacional de la Cruz Roja denunci\u00f3 que sus voluntarios en Guinea reciben un promedio de diez ataques mensuales mientras atienden a pacientes que sufren de \u00e9bola. <\/p>\n<p>El \u00faltimo incidente cuando dos voluntarios fueron apaleados al tratar de establecer condiciones de seguridad durante el entierro de una v\u00edctima. <\/p>\n<p>El director de la Cruz Roja en Guinea, Youssouf Traore, indic\u00f3 que el pa\u00eds no estar\u00e1 libre del ebola hasta tanto las personas no cambien la percepci\u00f3n sobre la enfermedad. <\/p>\n<p>\u00a0 <\/p>\n","protected":false},"excerpt":{"rendered":"<p>El comit\u00e9 internacional de la Cruz Roja denunci\u00f3 que sus <a href=\"https:\/\/sertv.gob.pa\/nacionalfm\/cruz-roja-denuncia-ataques-a-voluntarios-en-guinea\/\"> [&#8230;]<\/a><\/p>\n","protected":false},"author":1,"featured_media":4032,"comment_status":"closed","ping_status":"closed","sticky":false,"template":"","format":"standard","meta":{"footnotes":""},"categories":[5],"tags":[],"class_list":["post-4031","post","type-post","status-publish","format-standard","has-post-thumbnail","hentry","category-salud"],"_links":{"self":[{"href":"https:\/\/sertv.gob.pa\/nacionalfm\/wp-json\/wp\/v2\/posts\/4031","targetHints":{"allow":["GET"]}}],"collection":[{"href":"https:\/\/sertv.gob.pa\/nacionalfm\/wp-json\/wp\/v2\/posts"}],"about":[{"href":"https:\/\/sertv.gob.pa\/nacionalfm\/wp-json\/wp\/v2\/types\/post"}],"author":[{"embeddable":true,"href":"https:\/\/sertv.gob.pa\/nacionalfm\/wp-json\/wp\/v2\/users\/1"}],"replies":[{"embeddable":true,"href":"https:\/\/sertv.gob.pa\/nacionalfm\/wp-json\/wp\/v2\/comments?post=4031"}],"version-history":[{"count":0,"href":"https:\/\/sertv.gob.pa\/nacionalfm\/wp-json\/wp\/v2\/posts\/4031\/revisions"}],"wp:featuredmedia":[{"embeddable":true,"href":"https:\/\/sertv.gob.pa\/nacionalfm\/wp-json\/wp\/v2\/media\/4032"}],"wp:attachment":[{"href":"https:\/\/sertv.gob.pa\/nacionalfm\/wp-json\/wp\/v2\/media?parent=4031"}],"wp:term":[{"taxonomy":"category","embeddable":true,"href":"https:\/\/sertv.gob.pa\/nacionalfm\/wp-json\/wp\/v2\/categories?post=4031"},{"taxonomy":"post_tag","embeddable":true,"href":"https:\/\/sertv.gob.pa\/nacionalfm\/wp-json\/wp\/v2\/tags?post=4031"}],"curies":[{"name":"wp","href":"https:\/\/api.w.org\/{rel}","templated":true}]}}