{"id":4065,"date":"2015-02-18T05:00:00","date_gmt":"2015-02-18T05:00:00","guid":{"rendered":""},"modified":"2015-02-18T05:00:00","modified_gmt":"2015-02-18T05:00:00","slug":"en-chitre-fallece-paciente-por-virus-hanta","status":"publish","type":"post","link":"https:\/\/sertv.gob.pa\/nacionalfm\/en-chitre-fallece-paciente-por-virus-hanta\/","title":{"rendered":"En Chitr\u00e9 fallece paciente por virus hanta"},"content":{"rendered":"<p>\nAlcibiades Dom\u00ednguez, director regional de salud de Herrera, confirm\u00f3 que la educadora jubilada de 61 a\u00f1os, vecina del corregimiento de Monagrillo, distrito de Chitr\u00e9, muri\u00f3 en las \u00faltimas horas del lunes de Carnaval en el hospital Gustavo Nelson Collado de Chitr\u00e9. La paciente fue ingresada al centro hospitalario el pasado 12 de febrero de 2015.\u00a0\u00a0 <\/p>\n<p>En 2015 se han diagnosticado ya tres casos del s\u00edndrome cardiopulmonar por virus hanta, entre los que se cuenta el de la fallecida. <\/p>\n<p>\u00a0 <\/p>\n","protected":false},"excerpt":{"rendered":"<p>Alcibiades Dom\u00ednguez, director regional de salud de Herrera, confirm\u00f3 que <a href=\"https:\/\/sertv.gob.pa\/nacionalfm\/en-chitre-fallece-paciente-por-virus-hanta\/\"> [&#8230;]<\/a><\/p>\n","protected":false},"author":1,"featured_media":4066,"comment_status":"closed","ping_status":"closed","sticky":false,"template":"","format":"standard","meta":{"footnotes":""},"categories":[5],"tags":[],"class_list":["post-4065","post","type-post","status-publish","format-standard","has-post-thumbnail","hentry","category-salud"],"_links":{"self":[{"href":"https:\/\/sertv.gob.pa\/nacionalfm\/wp-json\/wp\/v2\/posts\/4065","targetHints":{"allow":["GET"]}}],"collection":[{"href":"https:\/\/sertv.gob.pa\/nacionalfm\/wp-json\/wp\/v2\/posts"}],"about":[{"href":"https:\/\/sertv.gob.pa\/nacionalfm\/wp-json\/wp\/v2\/types\/post"}],"author":[{"embeddable":true,"href":"https:\/\/sertv.gob.pa\/nacionalfm\/wp-json\/wp\/v2\/users\/1"}],"replies":[{"embeddable":true,"href":"https:\/\/sertv.gob.pa\/nacionalfm\/wp-json\/wp\/v2\/comments?post=4065"}],"version-history":[{"count":0,"href":"https:\/\/sertv.gob.pa\/nacionalfm\/wp-json\/wp\/v2\/posts\/4065\/revisions"}],"wp:featuredmedia":[{"embeddable":true,"href":"https:\/\/sertv.gob.pa\/nacionalfm\/wp-json\/wp\/v2\/media\/4066"}],"wp:attachment":[{"href":"https:\/\/sertv.gob.pa\/nacionalfm\/wp-json\/wp\/v2\/media?parent=4065"}],"wp:term":[{"taxonomy":"category","embeddable":true,"href":"https:\/\/sertv.gob.pa\/nacionalfm\/wp-json\/wp\/v2\/categories?post=4065"},{"taxonomy":"post_tag","embeddable":true,"href":"https:\/\/sertv.gob.pa\/nacionalfm\/wp-json\/wp\/v2\/tags?post=4065"}],"curies":[{"name":"wp","href":"https:\/\/api.w.org\/{rel}","templated":true}]}}