{"id":4073,"date":"2015-02-18T05:00:00","date_gmt":"2015-02-18T05:00:00","guid":{"rendered":""},"modified":"2015-02-18T05:00:00","modified_gmt":"2015-02-18T05:00:00","slug":"humo-del-tabaco-enferma-al-corazon","status":"publish","type":"post","link":"https:\/\/sertv.gob.pa\/nacionalfm\/humo-del-tabaco-enferma-al-corazon\/","title":{"rendered":"Humo del tabaco enferma al coraz\u00f3n"},"content":{"rendered":"<p>\nEl humo emitido por los productos del tabaco no \u00fanicamente se debe asociar al c\u00e1ncer y a la enfermedad respiratoria, pues igualmente es un enemigo de la salud cardiovascular. \u00a0 <\/p>\n<p>As\u00ed lo afirma el cardi\u00f3logo uruguayo Eduardo Bianco, director para Am\u00e9rica Latina de la Alianza para el Convenio Marco y presidente del Centro de Investigaci\u00f3n de la Epidemia de Tabaquismo en Uruguay, quien en d\u00edas pasados estuvo en Panam\u00e1.\u00a0 <\/p>\n<p>El da\u00f1o a la salud cardiovascular afecta no solo a quien fuma (fumador activo), sino asimismo al fumador de segunda mano (pasivo).\u00a0 <\/p>\n<p>&ldquo;Exponerse al humo del tabaco 30 minuto aumenta el peligro de padecer una trombosis dentro de un vaso coronario y sufrir un infarto o una muerte s\u00fabita card\u00edaca&rdquo;, afirma. <\/p>\n<p>\u00a0 <\/p>\n","protected":false},"excerpt":{"rendered":"<p>El humo emitido por los productos del tabaco no \u00fanicamente <a href=\"https:\/\/sertv.gob.pa\/nacionalfm\/humo-del-tabaco-enferma-al-corazon\/\"> [&#8230;]<\/a><\/p>\n","protected":false},"author":1,"featured_media":4074,"comment_status":"closed","ping_status":"closed","sticky":false,"template":"","format":"standard","meta":{"footnotes":""},"categories":[5],"tags":[],"class_list":["post-4073","post","type-post","status-publish","format-standard","has-post-thumbnail","hentry","category-salud"],"_links":{"self":[{"href":"https:\/\/sertv.gob.pa\/nacionalfm\/wp-json\/wp\/v2\/posts\/4073","targetHints":{"allow":["GET"]}}],"collection":[{"href":"https:\/\/sertv.gob.pa\/nacionalfm\/wp-json\/wp\/v2\/posts"}],"about":[{"href":"https:\/\/sertv.gob.pa\/nacionalfm\/wp-json\/wp\/v2\/types\/post"}],"author":[{"embeddable":true,"href":"https:\/\/sertv.gob.pa\/nacionalfm\/wp-json\/wp\/v2\/users\/1"}],"replies":[{"embeddable":true,"href":"https:\/\/sertv.gob.pa\/nacionalfm\/wp-json\/wp\/v2\/comments?post=4073"}],"version-history":[{"count":0,"href":"https:\/\/sertv.gob.pa\/nacionalfm\/wp-json\/wp\/v2\/posts\/4073\/revisions"}],"wp:featuredmedia":[{"embeddable":true,"href":"https:\/\/sertv.gob.pa\/nacionalfm\/wp-json\/wp\/v2\/media\/4074"}],"wp:attachment":[{"href":"https:\/\/sertv.gob.pa\/nacionalfm\/wp-json\/wp\/v2\/media?parent=4073"}],"wp:term":[{"taxonomy":"category","embeddable":true,"href":"https:\/\/sertv.gob.pa\/nacionalfm\/wp-json\/wp\/v2\/categories?post=4073"},{"taxonomy":"post_tag","embeddable":true,"href":"https:\/\/sertv.gob.pa\/nacionalfm\/wp-json\/wp\/v2\/tags?post=4073"}],"curies":[{"name":"wp","href":"https:\/\/api.w.org\/{rel}","templated":true}]}}