{"id":4077,"date":"2015-02-18T05:00:00","date_gmt":"2015-02-18T05:00:00","guid":{"rendered":""},"modified":"2015-02-18T05:00:00","modified_gmt":"2015-02-18T05:00:00","slug":"dieta-rica-en-uvas-ayuda-a-quemar-la-grasa","status":"publish","type":"post","link":"https:\/\/sertv.gob.pa\/nacionalfm\/dieta-rica-en-uvas-ayuda-a-quemar-la-grasa\/","title":{"rendered":"Dieta rica en uvas ayuda a quemar la grasa"},"content":{"rendered":"<p>\nUna investigaci\u00f3n efectuada por la Universidad de Oregon revel\u00f3 que una dieta de uvas puede ayudar a las personas con sobrepeso a quemar grasas. <\/p>\n<p>Neil Shay, bioqu\u00edmico de la Universidad de Oregon a cargo del estudio se\u00f1al\u00f3 que &lsquo;no esper\u00e1bamos a que estos compuestos (de las uvas) podr\u00edan mejorar el peso corporal&rsquo;. <\/p>\n<p>Durante el estudio los investigadores hallaron que el \u00e1cido el\u00e1gico, el cual se encuentra en las uvas, redujo de forma dr\u00e1stica el crecimiento de las c\u00e9lulas de grasa existentes y adem\u00e1s, redujo la formaci\u00f3n de nuevos c\u00e9lulas de grasa. El \u00e1cido el\u00e1gico igualmente est\u00e1 presente en otras frutas y verduras. <\/p>\n<p>El estudio fue llevado a cabo con ratones con sobrepeso, que mejoraron considerablemente gracias a una dieta con uvas. <\/p>\n<p>Shay plantea la hip\u00f3tesis de que el \u00e1cido el\u00e1gico y otros productos qu\u00edmicos presentes en las frutas trabajan dentro de las c\u00e9lulas para metabolizar la grasa y el az\u00facar. <\/p>\n<p>\u00a0 <\/p>\n","protected":false},"excerpt":{"rendered":"<p>Una investigaci\u00f3n efectuada por la Universidad de Oregon revel\u00f3 que <a href=\"https:\/\/sertv.gob.pa\/nacionalfm\/dieta-rica-en-uvas-ayuda-a-quemar-la-grasa\/\"> [&#8230;]<\/a><\/p>\n","protected":false},"author":1,"featured_media":4078,"comment_status":"closed","ping_status":"closed","sticky":false,"template":"","format":"standard","meta":{"footnotes":""},"categories":[5],"tags":[],"class_list":["post-4077","post","type-post","status-publish","format-standard","has-post-thumbnail","hentry","category-salud"],"_links":{"self":[{"href":"https:\/\/sertv.gob.pa\/nacionalfm\/wp-json\/wp\/v2\/posts\/4077","targetHints":{"allow":["GET"]}}],"collection":[{"href":"https:\/\/sertv.gob.pa\/nacionalfm\/wp-json\/wp\/v2\/posts"}],"about":[{"href":"https:\/\/sertv.gob.pa\/nacionalfm\/wp-json\/wp\/v2\/types\/post"}],"author":[{"embeddable":true,"href":"https:\/\/sertv.gob.pa\/nacionalfm\/wp-json\/wp\/v2\/users\/1"}],"replies":[{"embeddable":true,"href":"https:\/\/sertv.gob.pa\/nacionalfm\/wp-json\/wp\/v2\/comments?post=4077"}],"version-history":[{"count":0,"href":"https:\/\/sertv.gob.pa\/nacionalfm\/wp-json\/wp\/v2\/posts\/4077\/revisions"}],"wp:featuredmedia":[{"embeddable":true,"href":"https:\/\/sertv.gob.pa\/nacionalfm\/wp-json\/wp\/v2\/media\/4078"}],"wp:attachment":[{"href":"https:\/\/sertv.gob.pa\/nacionalfm\/wp-json\/wp\/v2\/media?parent=4077"}],"wp:term":[{"taxonomy":"category","embeddable":true,"href":"https:\/\/sertv.gob.pa\/nacionalfm\/wp-json\/wp\/v2\/categories?post=4077"},{"taxonomy":"post_tag","embeddable":true,"href":"https:\/\/sertv.gob.pa\/nacionalfm\/wp-json\/wp\/v2\/tags?post=4077"}],"curies":[{"name":"wp","href":"https:\/\/api.w.org\/{rel}","templated":true}]}}