{"id":4091,"date":"2015-02-19T05:00:00","date_gmt":"2015-02-19T05:00:00","guid":{"rendered":""},"modified":"2015-02-19T05:00:00","modified_gmt":"2015-02-19T05:00:00","slug":"empresarios-que-intentaron-vender-alimentos-vencidos-son-multados","status":"publish","type":"post","link":"https:\/\/sertv.gob.pa\/nacionalfm\/empresarios-que-intentaron-vender-alimentos-vencidos-son-multados\/","title":{"rendered":"Empresarios que intentaron vender alimentos vencidos son multados"},"content":{"rendered":"<p>\nEn el primer d\u00eda del operativo de vigilancia sanitaria para el distrito de Atalaya, inspectores de Protecci\u00f3n de Alimentos del Ministerio de Salud de Veraguas lograron decomisar 200 libras de productos vencidos o con merma. <\/p>\n<p>Julio Grecco, director de esa instancia, detall\u00f3 que se incautaron chuletas de cerdo, carne de pollo, chorizos, bollos, yuca, pan y mercanc\u00eda en deterioro, que de ser vendidas a los peregrinos de Jes\u00fas Nazareno hubieran ocasionado malestar gastrointestinal. <\/p>\n<p>Los infractores fueron multados. \u00a0 <\/p>\n<p>\u00a0 <\/p>\n","protected":false},"excerpt":{"rendered":"<p>En el primer d\u00eda del operativo de vigilancia sanitaria para <a href=\"https:\/\/sertv.gob.pa\/nacionalfm\/empresarios-que-intentaron-vender-alimentos-vencidos-son-multados\/\"> [&#8230;]<\/a><\/p>\n","protected":false},"author":1,"featured_media":4092,"comment_status":"closed","ping_status":"closed","sticky":false,"template":"","format":"standard","meta":{"footnotes":""},"categories":[5],"tags":[],"class_list":["post-4091","post","type-post","status-publish","format-standard","has-post-thumbnail","hentry","category-salud"],"_links":{"self":[{"href":"https:\/\/sertv.gob.pa\/nacionalfm\/wp-json\/wp\/v2\/posts\/4091","targetHints":{"allow":["GET"]}}],"collection":[{"href":"https:\/\/sertv.gob.pa\/nacionalfm\/wp-json\/wp\/v2\/posts"}],"about":[{"href":"https:\/\/sertv.gob.pa\/nacionalfm\/wp-json\/wp\/v2\/types\/post"}],"author":[{"embeddable":true,"href":"https:\/\/sertv.gob.pa\/nacionalfm\/wp-json\/wp\/v2\/users\/1"}],"replies":[{"embeddable":true,"href":"https:\/\/sertv.gob.pa\/nacionalfm\/wp-json\/wp\/v2\/comments?post=4091"}],"version-history":[{"count":0,"href":"https:\/\/sertv.gob.pa\/nacionalfm\/wp-json\/wp\/v2\/posts\/4091\/revisions"}],"wp:featuredmedia":[{"embeddable":true,"href":"https:\/\/sertv.gob.pa\/nacionalfm\/wp-json\/wp\/v2\/media\/4092"}],"wp:attachment":[{"href":"https:\/\/sertv.gob.pa\/nacionalfm\/wp-json\/wp\/v2\/media?parent=4091"}],"wp:term":[{"taxonomy":"category","embeddable":true,"href":"https:\/\/sertv.gob.pa\/nacionalfm\/wp-json\/wp\/v2\/categories?post=4091"},{"taxonomy":"post_tag","embeddable":true,"href":"https:\/\/sertv.gob.pa\/nacionalfm\/wp-json\/wp\/v2\/tags?post=4091"}],"curies":[{"name":"wp","href":"https:\/\/api.w.org\/{rel}","templated":true}]}}