{"id":4093,"date":"2015-02-19T05:00:00","date_gmt":"2015-02-19T05:00:00","guid":{"rendered":""},"modified":"2015-02-19T05:00:00","modified_gmt":"2015-02-19T05:00:00","slug":"mantener-una-vida-activa-contra-el-sedentarismo","status":"publish","type":"post","link":"https:\/\/sertv.gob.pa\/nacionalfm\/mantener-una-vida-activa-contra-el-sedentarismo\/","title":{"rendered":"Mantener una vida activa contra el sedentarismo"},"content":{"rendered":"<p>\nAquello que se conoce como &ldquo;actividad f\u00edsica&rdquo; es mucho m\u00e1s que hacer ejercicio y moverse. Se trata de una serie de actividades planificadas y repetitivas que buscan mejorar o mantener la salud f\u00edsica o corporal. <\/p>\n<p>Es necesario mantener una vida activa si se toma en cuenta que el sedentarismo ha sido catalogado por la  Organizaci\u00f3n Mundial   de la Salud  ( OMS ) como el cuarto factor de riesgo de mortalidad en el planeta, al ser un elemento que ha estado presente en el 6% de los fallecimientos registrados en el globo. <\/p>\n<p>M\u00e1s complicado es el panorama si se considera, adem\u00e1s, que la inactividad f\u00edsica ha sido causa principal de alrededor del 30% de los casos de cardiopat\u00eda isqu\u00e9mica, del 27% de las personas que hoy son diab\u00e9ticas y de aproximadamente un 20% de los c\u00e1nceres de colon y de seno, seg\u00fan estad\u00edsticas del organismo internacional. <\/p>\n<p>Es por ello que el ejercicio f\u00edsico es sin\u00f3nimo de buena salud, siempre y cuando sea regulado. La nutricionista Diana Murillo, miembro de la Asociaci\u00f3n Paname\u00f1a de Nutricionistas Dietistas, afirma que la actividad f\u00edsica debe llevarse a cabo con el control y la supervisi\u00f3n de un experto, ya que debe efectuarse con moderaci\u00f3n, sin que sea extrema. <\/p>\n<p>La  OMS  indica que los adultos deben realizar actividad f\u00edsica aer\u00f3bica durante 150 minutos semanales. <\/p>\n<p>\u00a0 <\/p>\n<p>\u00a0 <\/p>\n","protected":false},"excerpt":{"rendered":"<p>Aquello que se conoce como &ldquo;actividad f\u00edsica&rdquo; es mucho m\u00e1s <a href=\"https:\/\/sertv.gob.pa\/nacionalfm\/mantener-una-vida-activa-contra-el-sedentarismo\/\"> [&#8230;]<\/a><\/p>\n","protected":false},"author":1,"featured_media":4094,"comment_status":"closed","ping_status":"closed","sticky":false,"template":"","format":"standard","meta":{"footnotes":""},"categories":[5],"tags":[],"class_list":["post-4093","post","type-post","status-publish","format-standard","has-post-thumbnail","hentry","category-salud"],"_links":{"self":[{"href":"https:\/\/sertv.gob.pa\/nacionalfm\/wp-json\/wp\/v2\/posts\/4093","targetHints":{"allow":["GET"]}}],"collection":[{"href":"https:\/\/sertv.gob.pa\/nacionalfm\/wp-json\/wp\/v2\/posts"}],"about":[{"href":"https:\/\/sertv.gob.pa\/nacionalfm\/wp-json\/wp\/v2\/types\/post"}],"author":[{"embeddable":true,"href":"https:\/\/sertv.gob.pa\/nacionalfm\/wp-json\/wp\/v2\/users\/1"}],"replies":[{"embeddable":true,"href":"https:\/\/sertv.gob.pa\/nacionalfm\/wp-json\/wp\/v2\/comments?post=4093"}],"version-history":[{"count":0,"href":"https:\/\/sertv.gob.pa\/nacionalfm\/wp-json\/wp\/v2\/posts\/4093\/revisions"}],"wp:featuredmedia":[{"embeddable":true,"href":"https:\/\/sertv.gob.pa\/nacionalfm\/wp-json\/wp\/v2\/media\/4094"}],"wp:attachment":[{"href":"https:\/\/sertv.gob.pa\/nacionalfm\/wp-json\/wp\/v2\/media?parent=4093"}],"wp:term":[{"taxonomy":"category","embeddable":true,"href":"https:\/\/sertv.gob.pa\/nacionalfm\/wp-json\/wp\/v2\/categories?post=4093"},{"taxonomy":"post_tag","embeddable":true,"href":"https:\/\/sertv.gob.pa\/nacionalfm\/wp-json\/wp\/v2\/tags?post=4093"}],"curies":[{"name":"wp","href":"https:\/\/api.w.org\/{rel}","templated":true}]}}