{"id":41,"date":"2014-07-02T05:00:00","date_gmt":"2014-07-02T05:00:00","guid":{"rendered":""},"modified":"2014-07-02T05:00:00","modified_gmt":"2014-07-02T05:00:00","slug":"dos-personas-mas-con-el-virus-chikungunya-confirmo-el-ministerio-de-salud","status":"publish","type":"post","link":"https:\/\/sertv.gob.pa\/nacionalfm\/dos-personas-mas-con-el-virus-chikungunya-confirmo-el-ministerio-de-salud\/","title":{"rendered":"Dos personas m\u00e1s con el virus chikungunya, confirm\u00f3 el Minsa"},"content":{"rendered":"<p>\nSeg\u00fan el director general de Salud, Carlos G\u00e1lvez, las dos pacientes no se contagiaron de la enfermedad en Panam\u00e1, sino cuando viajaron a las Islas Antillanas. Ambas ingresaron con los s\u00edntomas. <\/p>\n<p>Estos casos de chikungunya se detectaron, seg\u00fan G\u00e1lvez, la semana pasada. <\/p>\n<p>El 20 de mayo el MINSA inform\u00f3 del reporte de dos casos de chikungunya. En esa ocasi\u00f3n se trataba de un brasile\u00f1o y una dominicana que llegaron al pa\u00eds. De estos casos el extranjero sali\u00f3 del pa\u00eds casi de inmediato. <\/p>\n<p>Solo la dominicana se qued\u00f3 en Panam\u00e1, pues reside en el corregimiento de Juan D\u00edaz. A ella se le aplic\u00f3 un cerco epidemiol\u00f3gico. <\/p>\n<p>Por estos dos primeros casos el MINSA activ\u00f3 una &lsquo;alerta preventiva&rsquo; a nivel nacional que todav\u00eda se mantiene activa. @nacionalFm <\/p>\n<p>\u00a0 <\/p>\n","protected":false},"excerpt":{"rendered":"<p>Seg\u00fan el director general de Salud, Carlos G\u00e1lvez, las dos <a href=\"https:\/\/sertv.gob.pa\/nacionalfm\/dos-personas-mas-con-el-virus-chikungunya-confirmo-el-ministerio-de-salud\/\"> [&#8230;]<\/a><\/p>\n","protected":false},"author":1,"featured_media":42,"comment_status":"closed","ping_status":"closed","sticky":false,"template":"","format":"standard","meta":{"footnotes":""},"categories":[5],"tags":[],"class_list":["post-41","post","type-post","status-publish","format-standard","has-post-thumbnail","hentry","category-salud"],"_links":{"self":[{"href":"https:\/\/sertv.gob.pa\/nacionalfm\/wp-json\/wp\/v2\/posts\/41","targetHints":{"allow":["GET"]}}],"collection":[{"href":"https:\/\/sertv.gob.pa\/nacionalfm\/wp-json\/wp\/v2\/posts"}],"about":[{"href":"https:\/\/sertv.gob.pa\/nacionalfm\/wp-json\/wp\/v2\/types\/post"}],"author":[{"embeddable":true,"href":"https:\/\/sertv.gob.pa\/nacionalfm\/wp-json\/wp\/v2\/users\/1"}],"replies":[{"embeddable":true,"href":"https:\/\/sertv.gob.pa\/nacionalfm\/wp-json\/wp\/v2\/comments?post=41"}],"version-history":[{"count":0,"href":"https:\/\/sertv.gob.pa\/nacionalfm\/wp-json\/wp\/v2\/posts\/41\/revisions"}],"wp:featuredmedia":[{"embeddable":true,"href":"https:\/\/sertv.gob.pa\/nacionalfm\/wp-json\/wp\/v2\/media\/42"}],"wp:attachment":[{"href":"https:\/\/sertv.gob.pa\/nacionalfm\/wp-json\/wp\/v2\/media?parent=41"}],"wp:term":[{"taxonomy":"category","embeddable":true,"href":"https:\/\/sertv.gob.pa\/nacionalfm\/wp-json\/wp\/v2\/categories?post=41"},{"taxonomy":"post_tag","embeddable":true,"href":"https:\/\/sertv.gob.pa\/nacionalfm\/wp-json\/wp\/v2\/tags?post=41"}],"curies":[{"name":"wp","href":"https:\/\/api.w.org\/{rel}","templated":true}]}}