{"id":4111,"date":"2015-02-20T05:00:00","date_gmt":"2015-02-20T05:00:00","guid":{"rendered":""},"modified":"2015-02-20T05:00:00","modified_gmt":"2015-02-20T05:00:00","slug":"nestle-eliminara-colores-y-sabores-artificiales","status":"publish","type":"post","link":"https:\/\/sertv.gob.pa\/nacionalfm\/nestle-eliminara-colores-y-sabores-artificiales\/","title":{"rendered":"Nestl\u00e9 eliminar\u00e1 colores y sabores artificiales"},"content":{"rendered":"<p>\nLa megamarca de alimentos,  Nestl\u00e9 cambiar\u00e1 la receta de 250 de sus productos en EEUU, reemplazando los colorantes y sabores artificiales con colorantes y saborizantes naturales.  <\/p>\n<p>\u00a0Las frases \u00abcolorante\u00bb y \u00absabor\u00bb artificial son simplemente una manera disimulada de decir \u00abqu\u00edmico comestible\u00bb. <\/p>\n<p>Aunque sean comestible, los nutricionistas y cient\u00edficos cada vez m\u00e1s encuentra m\u00e1s v\u00ednculos entre los qu\u00edmicos en los alimentos y las enfermedades y d\u00e9ficit de atenci\u00f3n en los ni\u00f1os\u00a0 <\/p>\n<p>Nestl\u00e9 da un ejemplo de los cambios que efectuar\u00e1n: reemplazar\u00e1n los colores artificiales Rojo 40 y Amarillo 5  con el achiote  en las barras de chocolate de Butterfinger y en la barra de Crunch cambiar\u00e1n el  vainilla artificial por vainilla de verdad . En cuanto a los dulces en particular, cambiar\u00e1n las recetas de 75 de ellos. <\/p>\n<p>\u00a0Es una gran victoria para los que abogan para volver a comidas naturales y  podr\u00eda ser el ejemplo que todas las empresas grandes no tiene m\u00e1s remedio que seguir . <\/p>\n<p>\u00a0 <\/p>\n","protected":false},"excerpt":{"rendered":"<p>La megamarca de alimentos, Nestl\u00e9 cambiar\u00e1 la receta de 250 <a href=\"https:\/\/sertv.gob.pa\/nacionalfm\/nestle-eliminara-colores-y-sabores-artificiales\/\"> [&#8230;]<\/a><\/p>\n","protected":false},"author":1,"featured_media":4112,"comment_status":"closed","ping_status":"closed","sticky":false,"template":"","format":"standard","meta":{"footnotes":""},"categories":[5],"tags":[],"class_list":["post-4111","post","type-post","status-publish","format-standard","has-post-thumbnail","hentry","category-salud"],"_links":{"self":[{"href":"https:\/\/sertv.gob.pa\/nacionalfm\/wp-json\/wp\/v2\/posts\/4111","targetHints":{"allow":["GET"]}}],"collection":[{"href":"https:\/\/sertv.gob.pa\/nacionalfm\/wp-json\/wp\/v2\/posts"}],"about":[{"href":"https:\/\/sertv.gob.pa\/nacionalfm\/wp-json\/wp\/v2\/types\/post"}],"author":[{"embeddable":true,"href":"https:\/\/sertv.gob.pa\/nacionalfm\/wp-json\/wp\/v2\/users\/1"}],"replies":[{"embeddable":true,"href":"https:\/\/sertv.gob.pa\/nacionalfm\/wp-json\/wp\/v2\/comments?post=4111"}],"version-history":[{"count":0,"href":"https:\/\/sertv.gob.pa\/nacionalfm\/wp-json\/wp\/v2\/posts\/4111\/revisions"}],"wp:featuredmedia":[{"embeddable":true,"href":"https:\/\/sertv.gob.pa\/nacionalfm\/wp-json\/wp\/v2\/media\/4112"}],"wp:attachment":[{"href":"https:\/\/sertv.gob.pa\/nacionalfm\/wp-json\/wp\/v2\/media?parent=4111"}],"wp:term":[{"taxonomy":"category","embeddable":true,"href":"https:\/\/sertv.gob.pa\/nacionalfm\/wp-json\/wp\/v2\/categories?post=4111"},{"taxonomy":"post_tag","embeddable":true,"href":"https:\/\/sertv.gob.pa\/nacionalfm\/wp-json\/wp\/v2\/tags?post=4111"}],"curies":[{"name":"wp","href":"https:\/\/api.w.org\/{rel}","templated":true}]}}