{"id":4121,"date":"2015-02-21T05:00:00","date_gmt":"2015-02-21T05:00:00","guid":{"rendered":""},"modified":"2015-02-21T05:00:00","modified_gmt":"2015-02-21T05:00:00","slug":"el-exito-de-liberia-contra-el-ebola-es-alabado-por-la-onu","status":"publish","type":"post","link":"https:\/\/sertv.gob.pa\/nacionalfm\/el-exito-de-liberia-contra-el-ebola-es-alabado-por-la-onu\/","title":{"rendered":"El \u00e9xito de Liberia contra el \u00e9bola es alabado por la ONU"},"content":{"rendered":"<p>\nEl jefe de la Misi\u00f3n de la ONU de Respuesta al \u00c9bola alab\u00f3 el \u00e9xito de Liberia en la batalla contra el virus, pero advirti\u00f3 de no caer en la complacencia ante el descenso en el n\u00famero de casos. <\/p>\n<p>&ldquo;He visto que hay mucha concienciaci\u00f3n, pero el principal peligro que tenemos es cierto grado de fatiga\u00bb, expres\u00f3 Ismail Ould Cheikh Ahmed en su segunda visita a esta naci\u00f3n del oeste de \u00c1frica. <\/p>\n<p>El \u00e9bola ha ocasionado el deceso de m\u00e1s de 3,800 personas en Liberia y de alrededor de 9,200 en este pa\u00eds, Guinea y Sierra Leona, desde que se registraron los primeros decesos por el mal en las zonas rurales de Guinea, en diciembre de 2013. Los tres pa\u00edses tienen d\u00e9biles sistemas de salud que no estaban preparados para una epidemia de esas proporciones. <\/p>\n<p>\u00a0 <\/p>\n","protected":false},"excerpt":{"rendered":"<p>El jefe de la Misi\u00f3n de la ONU de Respuesta <a href=\"https:\/\/sertv.gob.pa\/nacionalfm\/el-exito-de-liberia-contra-el-ebola-es-alabado-por-la-onu\/\"> [&#8230;]<\/a><\/p>\n","protected":false},"author":1,"featured_media":4122,"comment_status":"closed","ping_status":"closed","sticky":false,"template":"","format":"standard","meta":{"footnotes":""},"categories":[5],"tags":[],"class_list":["post-4121","post","type-post","status-publish","format-standard","has-post-thumbnail","hentry","category-salud"],"_links":{"self":[{"href":"https:\/\/sertv.gob.pa\/nacionalfm\/wp-json\/wp\/v2\/posts\/4121","targetHints":{"allow":["GET"]}}],"collection":[{"href":"https:\/\/sertv.gob.pa\/nacionalfm\/wp-json\/wp\/v2\/posts"}],"about":[{"href":"https:\/\/sertv.gob.pa\/nacionalfm\/wp-json\/wp\/v2\/types\/post"}],"author":[{"embeddable":true,"href":"https:\/\/sertv.gob.pa\/nacionalfm\/wp-json\/wp\/v2\/users\/1"}],"replies":[{"embeddable":true,"href":"https:\/\/sertv.gob.pa\/nacionalfm\/wp-json\/wp\/v2\/comments?post=4121"}],"version-history":[{"count":0,"href":"https:\/\/sertv.gob.pa\/nacionalfm\/wp-json\/wp\/v2\/posts\/4121\/revisions"}],"wp:featuredmedia":[{"embeddable":true,"href":"https:\/\/sertv.gob.pa\/nacionalfm\/wp-json\/wp\/v2\/media\/4122"}],"wp:attachment":[{"href":"https:\/\/sertv.gob.pa\/nacionalfm\/wp-json\/wp\/v2\/media?parent=4121"}],"wp:term":[{"taxonomy":"category","embeddable":true,"href":"https:\/\/sertv.gob.pa\/nacionalfm\/wp-json\/wp\/v2\/categories?post=4121"},{"taxonomy":"post_tag","embeddable":true,"href":"https:\/\/sertv.gob.pa\/nacionalfm\/wp-json\/wp\/v2\/tags?post=4121"}],"curies":[{"name":"wp","href":"https:\/\/api.w.org\/{rel}","templated":true}]}}