{"id":413,"date":"2014-07-21T05:00:00","date_gmt":"2014-07-21T05:00:00","guid":{"rendered":""},"modified":"2014-07-21T05:00:00","modified_gmt":"2014-07-21T05:00:00","slug":"logran-convertir-celulas-en-marcapasos-biologicos","status":"publish","type":"post","link":"https:\/\/sertv.gob.pa\/nacionalfm\/logran-convertir-celulas-en-marcapasos-biologicos\/","title":{"rendered":"Logran convertir c\u00e9lulas en \u00abmarcapasos biol\u00f3gicos\u00bb"},"content":{"rendered":"<p>\nCient\u00edficos del Cedars-Sinai Heart Institute de Los \u00c1ngeles lograron convertir c\u00e9lulas musculares del coraz\u00f3n en c\u00e9lulas capaces de marcar el ritmo de los latidos introduciendo un gen. <\/p>\n<p>Los investigadores introdujeron un gen en cerdos con una enfermedad del coraz\u00f3n que causa que el ritmo cardiaco sea lento. <\/p>\n<p>Esta terapia g\u00e9nica convierte billones de c\u00e9lulas del coraz\u00f3n ordinarias en otras c\u00e9lulas mucho m\u00e1s especializadas que consiguen que el coraz\u00f3n lata a un ritmo adecuado. <\/p>\n<p>Con esto, los cardi\u00f3logos crearon c\u00e9lulas como \u00abmarcapasos biol\u00f3gicos\u00bb que restauraron el latido normal del coraz\u00f3n de los cerdos. <\/p>\n<p>Las aplicaciones de esta investigaci\u00f3n a\u00fan tardar\u00e1n en llegar.\u00a0 @salud <\/p>\n<p>\u00a0 <\/p>\n","protected":false},"excerpt":{"rendered":"<p>Cient\u00edficos del Cedars-Sinai Heart Institute de Los \u00c1ngeles lograron convertir <a href=\"https:\/\/sertv.gob.pa\/nacionalfm\/logran-convertir-celulas-en-marcapasos-biologicos\/\"> [&#8230;]<\/a><\/p>\n","protected":false},"author":1,"featured_media":414,"comment_status":"closed","ping_status":"closed","sticky":false,"template":"","format":"standard","meta":{"footnotes":""},"categories":[5],"tags":[],"class_list":["post-413","post","type-post","status-publish","format-standard","has-post-thumbnail","hentry","category-salud"],"_links":{"self":[{"href":"https:\/\/sertv.gob.pa\/nacionalfm\/wp-json\/wp\/v2\/posts\/413","targetHints":{"allow":["GET"]}}],"collection":[{"href":"https:\/\/sertv.gob.pa\/nacionalfm\/wp-json\/wp\/v2\/posts"}],"about":[{"href":"https:\/\/sertv.gob.pa\/nacionalfm\/wp-json\/wp\/v2\/types\/post"}],"author":[{"embeddable":true,"href":"https:\/\/sertv.gob.pa\/nacionalfm\/wp-json\/wp\/v2\/users\/1"}],"replies":[{"embeddable":true,"href":"https:\/\/sertv.gob.pa\/nacionalfm\/wp-json\/wp\/v2\/comments?post=413"}],"version-history":[{"count":0,"href":"https:\/\/sertv.gob.pa\/nacionalfm\/wp-json\/wp\/v2\/posts\/413\/revisions"}],"wp:featuredmedia":[{"embeddable":true,"href":"https:\/\/sertv.gob.pa\/nacionalfm\/wp-json\/wp\/v2\/media\/414"}],"wp:attachment":[{"href":"https:\/\/sertv.gob.pa\/nacionalfm\/wp-json\/wp\/v2\/media?parent=413"}],"wp:term":[{"taxonomy":"category","embeddable":true,"href":"https:\/\/sertv.gob.pa\/nacionalfm\/wp-json\/wp\/v2\/categories?post=413"},{"taxonomy":"post_tag","embeddable":true,"href":"https:\/\/sertv.gob.pa\/nacionalfm\/wp-json\/wp\/v2\/tags?post=413"}],"curies":[{"name":"wp","href":"https:\/\/api.w.org\/{rel}","templated":true}]}}