{"id":4145,"date":"2015-02-22T05:00:00","date_gmt":"2015-02-22T05:00:00","guid":{"rendered":""},"modified":"2015-02-22T05:00:00","modified_gmt":"2015-02-22T05:00:00","slug":"vacunarse-contra-el-sarampion-es-lo-indicado","status":"publish","type":"post","link":"https:\/\/sertv.gob.pa\/nacionalfm\/vacunarse-contra-el-sarampion-es-lo-indicado\/","title":{"rendered":"Vacunarse contra el sarampi\u00f3n es lo indicado"},"content":{"rendered":"<p>\nTras de que la Organizaci\u00f3n Panamericana de la Salud incrementara el nivel de alerta por sarampi\u00f3n, las autoridades de Salud manifestaron que para evitar que el virus, en caso de que ingresara al pa\u00eds, se propague, todos los residentes en Panam\u00e1 deben vacunarse contra esta enfermedad. <\/p>\n<p>As\u00ed lo se\u00f1al\u00f3 la Jefa de Epidemiolog\u00eda del MINSA, Lourdes Garc\u00eda, al explicar que las personas deben verificar sus tarjetas para cerciorarse de que se hayan colocado la vacuna. <\/p>\n<p>Aquellas tarjetas que indiquen MMR o SPR (sarampi\u00f3n, rubiola y paperas) para menores de 20 a\u00f1os o MR en mayores de 20 no deben colocarse la vacuna, pues ya cuentan con ella. <\/p>\n<p>Explic\u00f3 que, quienes no tengan la tarjeta, deben acudir a vacunarse. &lsquo;Todos debemos estar vacunados contra el sarampi\u00f3n&rsquo;, puntualiz\u00f3. <\/p>\n<p>\u00a0 <\/p>\n","protected":false},"excerpt":{"rendered":"<p>Tras de que la Organizaci\u00f3n Panamericana de la Salud incrementara <a href=\"https:\/\/sertv.gob.pa\/nacionalfm\/vacunarse-contra-el-sarampion-es-lo-indicado\/\"> [&#8230;]<\/a><\/p>\n","protected":false},"author":1,"featured_media":4146,"comment_status":"closed","ping_status":"closed","sticky":false,"template":"","format":"standard","meta":{"footnotes":""},"categories":[5],"tags":[],"class_list":["post-4145","post","type-post","status-publish","format-standard","has-post-thumbnail","hentry","category-salud"],"_links":{"self":[{"href":"https:\/\/sertv.gob.pa\/nacionalfm\/wp-json\/wp\/v2\/posts\/4145","targetHints":{"allow":["GET"]}}],"collection":[{"href":"https:\/\/sertv.gob.pa\/nacionalfm\/wp-json\/wp\/v2\/posts"}],"about":[{"href":"https:\/\/sertv.gob.pa\/nacionalfm\/wp-json\/wp\/v2\/types\/post"}],"author":[{"embeddable":true,"href":"https:\/\/sertv.gob.pa\/nacionalfm\/wp-json\/wp\/v2\/users\/1"}],"replies":[{"embeddable":true,"href":"https:\/\/sertv.gob.pa\/nacionalfm\/wp-json\/wp\/v2\/comments?post=4145"}],"version-history":[{"count":0,"href":"https:\/\/sertv.gob.pa\/nacionalfm\/wp-json\/wp\/v2\/posts\/4145\/revisions"}],"wp:featuredmedia":[{"embeddable":true,"href":"https:\/\/sertv.gob.pa\/nacionalfm\/wp-json\/wp\/v2\/media\/4146"}],"wp:attachment":[{"href":"https:\/\/sertv.gob.pa\/nacionalfm\/wp-json\/wp\/v2\/media?parent=4145"}],"wp:term":[{"taxonomy":"category","embeddable":true,"href":"https:\/\/sertv.gob.pa\/nacionalfm\/wp-json\/wp\/v2\/categories?post=4145"},{"taxonomy":"post_tag","embeddable":true,"href":"https:\/\/sertv.gob.pa\/nacionalfm\/wp-json\/wp\/v2\/tags?post=4145"}],"curies":[{"name":"wp","href":"https:\/\/api.w.org\/{rel}","templated":true}]}}