{"id":4155,"date":"2015-02-23T05:00:00","date_gmt":"2015-02-23T05:00:00","guid":{"rendered":""},"modified":"2015-02-23T05:00:00","modified_gmt":"2015-02-23T05:00:00","slug":"el-solmaforo-pone-alto-al-cancer-de-piel","status":"publish","type":"post","link":"https:\/\/sertv.gob.pa\/nacionalfm\/el-solmaforo-pone-alto-al-cancer-de-piel\/","title":{"rendered":"El \u201csolm\u00e1foro\u201d pone alto al c\u00e1ncer de piel"},"content":{"rendered":"<p>\nUna m\u00e1quina que hace las veces de un sem\u00e1foro, pero que en lugar de controlar el tr\u00e1fico vehicular les avisa a los transe\u00fantes el riesgo que corre su piel al exponerse a la radiaci\u00f3n ultravioleta de onda media (rayos UVB) en la cinta costera, ha sido instalada ah\u00ed, acaparando las miradas de quienes se ejercitan o pasean en la zona. \u00a0 <\/p>\n<p>Se trata de un medidor instant\u00e1neo de radiaci\u00f3n solar ultravioleta, conocido como &ldquo;solm\u00e1foro&rdquo;, que cuenta con cinco luces de colores que conforman el sistema est\u00e1ndar de medici\u00f3n del \u00edndice de radiaci\u00f3n ultravioleta (UV).\u00a0 <\/p>\n<p>La medici\u00f3n se realiza mediante sensores \u00f3pticos y filtros UV. El sensor entrega la intensidad de la radiaci\u00f3n UV mediante un c\u00f3digo de color, que permite de forma sencilla identificar a cu\u00e1nta radiaci\u00f3n se expone en determinado momento. \u00a0 <\/p>\n<p>Si la luz de color violeta se ilumina quiere decir que hay un riesgo &ldquo;extremo&rdquo; de que la exposici\u00f3n solar sin protecci\u00f3n sea peligrosa para la salud, seguido de la luz roja que se\u00f1ala que el riesgo es &ldquo;muy alto&rdquo; o &ldquo;peligroso&rdquo;. <\/p>\n<p>Si se enciende la luz naranja, el &ldquo;solm\u00e1foro&rdquo; indica un riesgo alto; amarilla, medio; y verde, bajo. \u00a0 <\/p>\n<p>Este &ldquo;solm\u00e1foro&rdquo;, que pronto ser\u00e1 inaugurado, es un proyecto del Club Rotario de Panam\u00e1, propuesto por la dermat\u00f3loga Gioconda Gaudiano, integrante del colectivo. \u00a0 <\/p>\n<p>El equipo fue donado por Michelle Alvarado, sobreviviente de c\u00e1ncer de piel de melanoma maligno nodular estadio IV, &ldquo;una persona con mucha sensibilidad social y muy preocupada de las consecuencias de la exposici\u00f3n al Sol&rdquo;, indica Gaudiano. La paciente fue quien hizo los tr\u00e1mites para que se realizara el traslado de la m\u00e1quina desde su f\u00e1brica en Chile hasta Panam\u00e1.\u00a0 <\/p>\n<p>\u00a0 <\/p>\n","protected":false},"excerpt":{"rendered":"<p>Una m\u00e1quina que hace las veces de un sem\u00e1foro, pero <a href=\"https:\/\/sertv.gob.pa\/nacionalfm\/el-solmaforo-pone-alto-al-cancer-de-piel\/\"> [&#8230;]<\/a><\/p>\n","protected":false},"author":1,"featured_media":4156,"comment_status":"closed","ping_status":"closed","sticky":false,"template":"","format":"standard","meta":{"footnotes":""},"categories":[5],"tags":[],"class_list":["post-4155","post","type-post","status-publish","format-standard","has-post-thumbnail","hentry","category-salud"],"_links":{"self":[{"href":"https:\/\/sertv.gob.pa\/nacionalfm\/wp-json\/wp\/v2\/posts\/4155","targetHints":{"allow":["GET"]}}],"collection":[{"href":"https:\/\/sertv.gob.pa\/nacionalfm\/wp-json\/wp\/v2\/posts"}],"about":[{"href":"https:\/\/sertv.gob.pa\/nacionalfm\/wp-json\/wp\/v2\/types\/post"}],"author":[{"embeddable":true,"href":"https:\/\/sertv.gob.pa\/nacionalfm\/wp-json\/wp\/v2\/users\/1"}],"replies":[{"embeddable":true,"href":"https:\/\/sertv.gob.pa\/nacionalfm\/wp-json\/wp\/v2\/comments?post=4155"}],"version-history":[{"count":0,"href":"https:\/\/sertv.gob.pa\/nacionalfm\/wp-json\/wp\/v2\/posts\/4155\/revisions"}],"wp:featuredmedia":[{"embeddable":true,"href":"https:\/\/sertv.gob.pa\/nacionalfm\/wp-json\/wp\/v2\/media\/4156"}],"wp:attachment":[{"href":"https:\/\/sertv.gob.pa\/nacionalfm\/wp-json\/wp\/v2\/media?parent=4155"}],"wp:term":[{"taxonomy":"category","embeddable":true,"href":"https:\/\/sertv.gob.pa\/nacionalfm\/wp-json\/wp\/v2\/categories?post=4155"},{"taxonomy":"post_tag","embeddable":true,"href":"https:\/\/sertv.gob.pa\/nacionalfm\/wp-json\/wp\/v2\/tags?post=4155"}],"curies":[{"name":"wp","href":"https:\/\/api.w.org\/{rel}","templated":true}]}}