{"id":4157,"date":"2015-02-23T05:00:00","date_gmt":"2015-02-23T05:00:00","guid":{"rendered":""},"modified":"2015-02-23T05:00:00","modified_gmt":"2015-02-23T05:00:00","slug":"nuevo-test-que-diagnostica-el-ebola-en-15-minutos","status":"publish","type":"post","link":"https:\/\/sertv.gob.pa\/nacionalfm\/nuevo-test-que-diagnostica-el-ebola-en-15-minutos\/","title":{"rendered":"Nuevo test que diagnostica el \u00e9bola en 15 minutos"},"content":{"rendered":"<p>\nLa Organizaci\u00f3n Mundial de la Salud (OMS) \u00a0ha aprobado el primer test de diagn\u00f3stico r\u00e1pido para el \u00e9bola, que da su resultado en quince minutos y no requiere de un laboratorio o instalaciones sanitarias mayores para su utilizaci\u00f3n. <\/p>\n<p>Con esta aprobaci\u00f3n de la OMS, las agencias humanitarias internacionales, que siguen en los tres pa\u00edses de \u00c1frica occidental atendiendo a los afectados de \u00e9bola, podr\u00e1n comprar y usar esta prueba. <\/p>\n<p>El portavoz de la Organizaci\u00f3n, Tarik Jasarevic, explic\u00f3 que el resultado de este nuevo tipo de diagn\u00f3stico es menos fiable que el test est\u00e1ndar PCR, \u00abpero es m\u00e1s f\u00e1cil de utilizar porque no requiere electricidad y se puede efectuar en instalaciones sanitarias menores o m\u00f3viles\u00bb. <\/p>\n<p>En caso de un resultado positivo, \u00e9ste deber\u00e1 confirmarse a trav\u00e9s con una prueba sangu\u00ednea, precis\u00f3 el portavoz. <\/p>\n<p>La firma Corgenix Medical Corp ha desarrollado la nueva prueba y, seg\u00fan Jasarevic, no podr\u00e1 comprarse de inmediato porque est\u00e1n pendientes procedimientos administrativos en Estados Unidos, donde ha sido desarrollado, los que deben quedar finalizados en una a dos semanas. <\/p>\n<p>\u00a0 <\/p>\n<p>\u00a0 <\/p>\n","protected":false},"excerpt":{"rendered":"<p>La Organizaci\u00f3n Mundial de la Salud (OMS) \u00a0ha aprobado el <a href=\"https:\/\/sertv.gob.pa\/nacionalfm\/nuevo-test-que-diagnostica-el-ebola-en-15-minutos\/\"> [&#8230;]<\/a><\/p>\n","protected":false},"author":1,"featured_media":4158,"comment_status":"closed","ping_status":"closed","sticky":false,"template":"","format":"standard","meta":{"footnotes":""},"categories":[5],"tags":[],"class_list":["post-4157","post","type-post","status-publish","format-standard","has-post-thumbnail","hentry","category-salud"],"_links":{"self":[{"href":"https:\/\/sertv.gob.pa\/nacionalfm\/wp-json\/wp\/v2\/posts\/4157","targetHints":{"allow":["GET"]}}],"collection":[{"href":"https:\/\/sertv.gob.pa\/nacionalfm\/wp-json\/wp\/v2\/posts"}],"about":[{"href":"https:\/\/sertv.gob.pa\/nacionalfm\/wp-json\/wp\/v2\/types\/post"}],"author":[{"embeddable":true,"href":"https:\/\/sertv.gob.pa\/nacionalfm\/wp-json\/wp\/v2\/users\/1"}],"replies":[{"embeddable":true,"href":"https:\/\/sertv.gob.pa\/nacionalfm\/wp-json\/wp\/v2\/comments?post=4157"}],"version-history":[{"count":0,"href":"https:\/\/sertv.gob.pa\/nacionalfm\/wp-json\/wp\/v2\/posts\/4157\/revisions"}],"wp:featuredmedia":[{"embeddable":true,"href":"https:\/\/sertv.gob.pa\/nacionalfm\/wp-json\/wp\/v2\/media\/4158"}],"wp:attachment":[{"href":"https:\/\/sertv.gob.pa\/nacionalfm\/wp-json\/wp\/v2\/media?parent=4157"}],"wp:term":[{"taxonomy":"category","embeddable":true,"href":"https:\/\/sertv.gob.pa\/nacionalfm\/wp-json\/wp\/v2\/categories?post=4157"},{"taxonomy":"post_tag","embeddable":true,"href":"https:\/\/sertv.gob.pa\/nacionalfm\/wp-json\/wp\/v2\/tags?post=4157"}],"curies":[{"name":"wp","href":"https:\/\/api.w.org\/{rel}","templated":true}]}}