{"id":41878,"date":"2019-08-07T20:34:24","date_gmt":"2019-08-07T20:34:24","guid":{"rendered":"https:\/\/sertv.gob.pa\/nacionalfm\/?p=41878"},"modified":"2019-08-07T20:39:04","modified_gmt":"2019-08-07T20:39:04","slug":"nuevos-equipos-medicos-adquieren-en-el-hospital-regional-de-chepo","status":"publish","type":"post","link":"https:\/\/sertv.gob.pa\/nacionalfm\/nuevos-equipos-medicos-adquieren-en-el-hospital-regional-de-chepo\/","title":{"rendered":"\u201cNuevos Equipos M\u00e9dicos\u201d adquieren en el Hospital Regional de Chepo"},"content":{"rendered":"<div class=\"fusion-fullwidth fullwidth-box fusion-builder-row-1 nonhundred-percent-fullwidth non-hundred-percent-height-scrolling\" style=\"--awb-border-radius-top-left:0px;--awb-border-radius-top-right:0px;--awb-border-radius-bottom-right:0px;--awb-border-radius-bottom-left:0px;--awb-flex-wrap:wrap;\" ><div class=\"fusion-builder-row fusion-row\"><div class=\"fusion-layout-column fusion_builder_column fusion-builder-column-0 fusion_builder_column_1_1 1_1 fusion-one-full fusion-column-first fusion-column-last\" style=\"--awb-bg-size:cover;\"><div class=\"fusion-column-wrapper fusion-column-has-shadow fusion-flex-column-wrapper-legacy\"><div class=\"fusion-text fusion-text-1\"><p>Diversos equipos m\u00e9dicos se adquirieron en el \u00e1rea del servicio de Urgencias en el Hospital Regional de Chepo, lo que contribuir\u00e1 a mejorar la atenci\u00f3n a los usuarios asegurados y no asegurados en esta entidad.<\/p>\n<p>Al respecto, el Dr. Jorge Morgan, jefe del servicio de Urgencias, indic\u00f3, que la adquisici\u00f3n de estos equipos sum\u00f3 un costo aproximadamente de 45 mil balboas que incluye: (1) un electrocardi\u00f3grafo con sistema de gesti\u00f3n de informaci\u00f3n cardiolog\u00eda el mismo cuenta con una interconectividad wireless, ya que el electrocardiograma del paciente se guarda en el equipo y a la vez se puede conectar al sistema de la red de la CSS y (1) Ventilador de transporte para adultos, pedi\u00e1trico y neonatal, el cual servir\u00e1 inmensamente para el traslado de pacientes intubados.<\/p>\n<p>Por otra parte, \u00a0Morgan coment\u00f3 que otro logro fue la ambulancia b\u00e1sica que cuenta con el debido espacio adecuado e insumos necesarios para trasladar a los pacientes a diferentes unidades ejecutoras en la provincia de Panam\u00e1.<\/p>\n<p>Al mismo tiempo, la empresa proveedora efectu\u00f3 una inducci\u00f3n a todo el personal de enfermer\u00eda (enfermeras, t\u00e9cnicos en enfermer\u00eda) y m\u00e9dicos generales que laboran en este servicio a fin de facilitar el trabajo que llevan a ejecuci\u00f3n habitualmente en este nosocomio.<\/p>\n<\/div><div class=\"awb-gallery-wrapper awb-gallery-wrapper-1 button-span-no\"><div style=\"margin:-5px;--awb-bordersize:0px;\" class=\"fusion-gallery fusion-gallery-container fusion-grid-3 fusion-columns-total-3 fusion-gallery-layout-grid fusion-gallery-1\"><div style=\"padding:5px;\" class=\"fusion-grid-column fusion-gallery-column fusion-gallery-column-3 hover-type-none\"><div class=\"fusion-gallery-image\"><a href=\"https:\/\/sertv.gob.pa\/nacionalfm\/wp-content\/uploads\/sites\/6\/2019\/08\/eduipo-m\u00e9dico-Chepo-2-1-1.jpg\" rel=\"noreferrer\" data-rel=\"iLightbox[gallery_image_1]\" class=\"fusion-lightbox\" target=\"_self\"><img decoding=\"async\" src=\"https:\/\/sertv.gob.pa\/nacionalfm\/wp-content\/uploads\/sites\/6\/2019\/08\/eduipo-m\u00e9dico-Chepo-2-1-1.jpg\" width=\"600\" height=\"400\" alt=\"\" title=\"eduipo m\u00e9dico Chepo 2\" aria-label=\"eduipo m\u00e9dico Chepo 2\" class=\"img-responsive wp-image-41884\" srcset=\"https:\/\/sertv.gob.pa\/nacionalfm\/wp-content\/uploads\/sites\/6\/2019\/08\/eduipo-m\u00e9dico-Chepo-2-1-1-200x133.jpg 200w, https:\/\/sertv.gob.pa\/nacionalfm\/wp-content\/uploads\/sites\/6\/2019\/08\/eduipo-m\u00e9dico-Chepo-2-1-1-400x267.jpg 400w, https:\/\/sertv.gob.pa\/nacionalfm\/wp-content\/uploads\/sites\/6\/2019\/08\/eduipo-m\u00e9dico-Chepo-2-1-1.jpg 600w\" sizes=\"(min-width: 2200px) 100vw, (min-width: 784px) 363px, (min-width: 712px) 545px, (min-width: 640px) 712px, \" \/><\/a><\/div><\/div><div style=\"padding:5px;\" class=\"fusion-grid-column fusion-gallery-column fusion-gallery-column-3 hover-type-none\"><div class=\"fusion-gallery-image\"><a href=\"https:\/\/sertv.gob.pa\/nacionalfm\/wp-content\/uploads\/sites\/6\/2019\/08\/Eduipo-M\u00e9dico-3.jpg\" rel=\"noreferrer\" data-rel=\"iLightbox[gallery_image_1]\" class=\"fusion-lightbox\" target=\"_self\"><img decoding=\"async\" src=\"https:\/\/sertv.gob.pa\/nacionalfm\/wp-content\/uploads\/sites\/6\/2019\/08\/Eduipo-M\u00e9dico-3.jpg\" width=\"600\" height=\"400\" alt=\"\" title=\"Eduipo M\u00e9dico 3\" aria-label=\"Eduipo M\u00e9dico 3\" class=\"img-responsive wp-image-41881\" srcset=\"https:\/\/sertv.gob.pa\/nacionalfm\/wp-content\/uploads\/sites\/6\/2019\/08\/Eduipo-M\u00e9dico-3-200x133.jpg 200w, https:\/\/sertv.gob.pa\/nacionalfm\/wp-content\/uploads\/sites\/6\/2019\/08\/Eduipo-M\u00e9dico-3-400x267.jpg 400w, https:\/\/sertv.gob.pa\/nacionalfm\/wp-content\/uploads\/sites\/6\/2019\/08\/Eduipo-M\u00e9dico-3.jpg 600w\" sizes=\"(min-width: 2200px) 100vw, (min-width: 784px) 363px, (min-width: 712px) 545px, (min-width: 640px) 712px, \" \/><\/a><\/div><\/div><div style=\"padding:5px;\" class=\"fusion-grid-column fusion-gallery-column fusion-gallery-column-3 hover-type-none\"><div class=\"fusion-gallery-image\"><a href=\"https:\/\/sertv.gob.pa\/nacionalfm\/wp-content\/uploads\/sites\/6\/2019\/08\/Eduipo-m\u00e9dico-4.jpg\" rel=\"noreferrer\" data-rel=\"iLightbox[gallery_image_1]\" class=\"fusion-lightbox\" target=\"_self\"><img decoding=\"async\" src=\"https:\/\/sertv.gob.pa\/nacionalfm\/wp-content\/uploads\/sites\/6\/2019\/08\/Eduipo-m\u00e9dico-4.jpg\" width=\"600\" height=\"450\" alt=\"\" title=\"Eduipo m\u00e9dico 4\" aria-label=\"Eduipo m\u00e9dico 4\" class=\"img-responsive wp-image-41882\" srcset=\"https:\/\/sertv.gob.pa\/nacionalfm\/wp-content\/uploads\/sites\/6\/2019\/08\/Eduipo-m\u00e9dico-4-200x150.jpg 200w, https:\/\/sertv.gob.pa\/nacionalfm\/wp-content\/uploads\/sites\/6\/2019\/08\/Eduipo-m\u00e9dico-4-400x300.jpg 400w, https:\/\/sertv.gob.pa\/nacionalfm\/wp-content\/uploads\/sites\/6\/2019\/08\/Eduipo-m\u00e9dico-4.jpg 600w\" sizes=\"(min-width: 2200px) 100vw, (min-width: 784px) 363px, (min-width: 712px) 545px, (min-width: 640px) 712px, \" \/><\/a><\/div><\/div><div class=\"clearfix\"><\/div><\/div><\/div><div class=\"fusion-clearfix\"><\/div><\/div><\/div><\/div><\/div>\n","protected":false},"excerpt":{"rendered":"","protected":false},"author":9,"featured_media":41879,"comment_status":"closed","ping_status":"closed","sticky":false,"template":"","format":"standard","meta":{"footnotes":""},"categories":[2],"tags":[],"class_list":["post-41878","post","type-post","status-publish","format-standard","has-post-thumbnail","hentry","category-nacionales"],"_links":{"self":[{"href":"https:\/\/sertv.gob.pa\/nacionalfm\/wp-json\/wp\/v2\/posts\/41878","targetHints":{"allow":["GET"]}}],"collection":[{"href":"https:\/\/sertv.gob.pa\/nacionalfm\/wp-json\/wp\/v2\/posts"}],"about":[{"href":"https:\/\/sertv.gob.pa\/nacionalfm\/wp-json\/wp\/v2\/types\/post"}],"author":[{"embeddable":true,"href":"https:\/\/sertv.gob.pa\/nacionalfm\/wp-json\/wp\/v2\/users\/9"}],"replies":[{"embeddable":true,"href":"https:\/\/sertv.gob.pa\/nacionalfm\/wp-json\/wp\/v2\/comments?post=41878"}],"version-history":[{"count":2,"href":"https:\/\/sertv.gob.pa\/nacionalfm\/wp-json\/wp\/v2\/posts\/41878\/revisions"}],"predecessor-version":[{"id":41885,"href":"https:\/\/sertv.gob.pa\/nacionalfm\/wp-json\/wp\/v2\/posts\/41878\/revisions\/41885"}],"wp:featuredmedia":[{"embeddable":true,"href":"https:\/\/sertv.gob.pa\/nacionalfm\/wp-json\/wp\/v2\/media\/41879"}],"wp:attachment":[{"href":"https:\/\/sertv.gob.pa\/nacionalfm\/wp-json\/wp\/v2\/media?parent=41878"}],"wp:term":[{"taxonomy":"category","embeddable":true,"href":"https:\/\/sertv.gob.pa\/nacionalfm\/wp-json\/wp\/v2\/categories?post=41878"},{"taxonomy":"post_tag","embeddable":true,"href":"https:\/\/sertv.gob.pa\/nacionalfm\/wp-json\/wp\/v2\/tags?post=41878"}],"curies":[{"name":"wp","href":"https:\/\/api.w.org\/{rel}","templated":true}]}}