{"id":419,"date":"2014-07-21T05:00:00","date_gmt":"2014-07-21T05:00:00","guid":{"rendered":""},"modified":"2014-07-21T05:00:00","modified_gmt":"2014-07-21T05:00:00","slug":"citas-de-odontologia-son-canceladas-por-css","status":"publish","type":"post","link":"https:\/\/sertv.gob.pa\/nacionalfm\/citas-de-odontologia-son-canceladas-por-css\/","title":{"rendered":"Citas de Odontolog\u00eda son canceladas por CSS"},"content":{"rendered":"<p>\nA partir de hoy, todas las citas solicitadas en el servicio de Odontolog\u00eda en las policl\u00ednicas de la Caja del Seguro Social (CSS) est\u00e1n canceladas, sin excepci\u00f3n. <\/p>\n<p>La CSS, a trav\u00e9s de un comunicado, inform\u00f3 que la medida se debe a que estad\u00edsticamente se ha comprobado que los asegurados solicitan las citas para Odontolog\u00eda en distintas instalaciones al mismo tiempo y a la hora de acudir no se presentan, o simplemente asisten a una y no cancelan las que dejan de atender. <\/p>\n<p>\u00a0&lsquo;Esta mala actitud es lamentable y l\u00f3gicamente tiene un costo importante&rsquo;, se\u00f1al\u00f3 la CSS despu\u00e9s de solicitar a los asegurados programar nuevamente las citas al Centro de Contactos 800-0277.\u00a0 @nacionalFm <\/p>\n<p>\u00a0 <\/p>\n","protected":false},"excerpt":{"rendered":"<p>A partir de hoy, todas las citas solicitadas en el <a href=\"https:\/\/sertv.gob.pa\/nacionalfm\/citas-de-odontologia-son-canceladas-por-css\/\"> [&#8230;]<\/a><\/p>\n","protected":false},"author":1,"featured_media":420,"comment_status":"closed","ping_status":"closed","sticky":false,"template":"","format":"standard","meta":{"footnotes":""},"categories":[5],"tags":[],"class_list":["post-419","post","type-post","status-publish","format-standard","has-post-thumbnail","hentry","category-salud"],"_links":{"self":[{"href":"https:\/\/sertv.gob.pa\/nacionalfm\/wp-json\/wp\/v2\/posts\/419","targetHints":{"allow":["GET"]}}],"collection":[{"href":"https:\/\/sertv.gob.pa\/nacionalfm\/wp-json\/wp\/v2\/posts"}],"about":[{"href":"https:\/\/sertv.gob.pa\/nacionalfm\/wp-json\/wp\/v2\/types\/post"}],"author":[{"embeddable":true,"href":"https:\/\/sertv.gob.pa\/nacionalfm\/wp-json\/wp\/v2\/users\/1"}],"replies":[{"embeddable":true,"href":"https:\/\/sertv.gob.pa\/nacionalfm\/wp-json\/wp\/v2\/comments?post=419"}],"version-history":[{"count":0,"href":"https:\/\/sertv.gob.pa\/nacionalfm\/wp-json\/wp\/v2\/posts\/419\/revisions"}],"wp:featuredmedia":[{"embeddable":true,"href":"https:\/\/sertv.gob.pa\/nacionalfm\/wp-json\/wp\/v2\/media\/420"}],"wp:attachment":[{"href":"https:\/\/sertv.gob.pa\/nacionalfm\/wp-json\/wp\/v2\/media?parent=419"}],"wp:term":[{"taxonomy":"category","embeddable":true,"href":"https:\/\/sertv.gob.pa\/nacionalfm\/wp-json\/wp\/v2\/categories?post=419"},{"taxonomy":"post_tag","embeddable":true,"href":"https:\/\/sertv.gob.pa\/nacionalfm\/wp-json\/wp\/v2\/tags?post=419"}],"curies":[{"name":"wp","href":"https:\/\/api.w.org\/{rel}","templated":true}]}}