{"id":4193,"date":"2015-02-25T05:00:00","date_gmt":"2015-02-25T05:00:00","guid":{"rendered":""},"modified":"2015-02-25T05:00:00","modified_gmt":"2015-02-25T05:00:00","slug":"medicamento-contra-el-ebola-arroja-resultados-esperanzadores","status":"publish","type":"post","link":"https:\/\/sertv.gob.pa\/nacionalfm\/medicamento-contra-el-ebola-arroja-resultados-esperanzadores\/","title":{"rendered":"Medicamento contra el \u00e9bola arroja resultados esperanzadores"},"content":{"rendered":"<p>\nUn tratamiento contra el \u00e9bola cofinanciado por la Uni\u00f3n Europea y desarrollado por un instituto franc\u00e9s ha logrado \u00abresultados esperanzadores\u00bb que hacen pensar que el f\u00e1rmaco \u00abpodr\u00eda ser eficaz\u00bb para combatir esta enfermedad en una fase temprana, anunci\u00f3 \u00a0la Comisi\u00f3n Europea (CE). <\/p>\n<p>\u00abLa lucha contra el \u00e9bola avanza un paso m\u00e1s hacia un tratamiento efectivo\u00bb gracias a los fondos europeos destinados a programas de investigaci\u00f3n e innovaci\u00f3n, precis\u00f3 la CE en un comunicado. <\/p>\n<p>El Instituto Franc\u00e9s de la Salud y la Investigaci\u00f3n M\u00e9dica (INSERM) anunciaron esta semana una \u00abevidencia alentadora de que el f\u00e1rmaco antiviral favipiravil podr\u00eda ser un tratamiento eficaz contra el \u00e9bola en un estadio temprano\u00bb. <\/p>\n<p>Al proyecto de INSERM, conocido como \u00abReaction\u00bb, se aportar\u00e1n 2 mil 575 millones de euros (2 mil 919 millones d\u00f3lares) procedentes de las arcas comunitarias. <\/p>\n<p>Las actividades de investigaci\u00f3n del mismo, a las que se han destinado ya 1.93 millones de euros (2.19 millones de d\u00f3lares), empezaron el 1 de noviembre de 2014. <\/p>\n<p>\u00a0 <\/p>\n","protected":false},"excerpt":{"rendered":"<p>Un tratamiento contra el \u00e9bola cofinanciado por la Uni\u00f3n Europea <a href=\"https:\/\/sertv.gob.pa\/nacionalfm\/medicamento-contra-el-ebola-arroja-resultados-esperanzadores\/\"> [&#8230;]<\/a><\/p>\n","protected":false},"author":1,"featured_media":4194,"comment_status":"closed","ping_status":"closed","sticky":false,"template":"","format":"standard","meta":{"footnotes":""},"categories":[5],"tags":[],"class_list":["post-4193","post","type-post","status-publish","format-standard","has-post-thumbnail","hentry","category-salud"],"_links":{"self":[{"href":"https:\/\/sertv.gob.pa\/nacionalfm\/wp-json\/wp\/v2\/posts\/4193","targetHints":{"allow":["GET"]}}],"collection":[{"href":"https:\/\/sertv.gob.pa\/nacionalfm\/wp-json\/wp\/v2\/posts"}],"about":[{"href":"https:\/\/sertv.gob.pa\/nacionalfm\/wp-json\/wp\/v2\/types\/post"}],"author":[{"embeddable":true,"href":"https:\/\/sertv.gob.pa\/nacionalfm\/wp-json\/wp\/v2\/users\/1"}],"replies":[{"embeddable":true,"href":"https:\/\/sertv.gob.pa\/nacionalfm\/wp-json\/wp\/v2\/comments?post=4193"}],"version-history":[{"count":0,"href":"https:\/\/sertv.gob.pa\/nacionalfm\/wp-json\/wp\/v2\/posts\/4193\/revisions"}],"wp:featuredmedia":[{"embeddable":true,"href":"https:\/\/sertv.gob.pa\/nacionalfm\/wp-json\/wp\/v2\/media\/4194"}],"wp:attachment":[{"href":"https:\/\/sertv.gob.pa\/nacionalfm\/wp-json\/wp\/v2\/media?parent=4193"}],"wp:term":[{"taxonomy":"category","embeddable":true,"href":"https:\/\/sertv.gob.pa\/nacionalfm\/wp-json\/wp\/v2\/categories?post=4193"},{"taxonomy":"post_tag","embeddable":true,"href":"https:\/\/sertv.gob.pa\/nacionalfm\/wp-json\/wp\/v2\/tags?post=4193"}],"curies":[{"name":"wp","href":"https:\/\/api.w.org\/{rel}","templated":true}]}}