{"id":4201,"date":"2015-02-25T05:00:00","date_gmt":"2015-02-25T05:00:00","guid":{"rendered":""},"modified":"2015-02-25T05:00:00","modified_gmt":"2015-02-25T05:00:00","slug":"vih-podria-prevenirse-con-pildoras-antes-y-despues-del-sexo","status":"publish","type":"post","link":"https:\/\/sertv.gob.pa\/nacionalfm\/vih-podria-prevenirse-con-pildoras-antes-y-despues-del-sexo\/","title":{"rendered":"VIH podr\u00eda prevenirse con p\u00edldoras antes y despu\u00e9s del sexo"},"content":{"rendered":"<p>\nPor primera vez, un estudio demuestra que un medicamento usado para combatir el VIH igualmente puede servir para prevenirlo cuando se consume antes y despu\u00e9s de tener relaciones sexuales de alto riesgo entre hombres homosexuales. <\/p>\n<p>Los resultados ofrecen esperanzas a una forma m\u00e1s atractiva para prevenir la enfermedad, m\u00e1s all\u00e1 de tomar p\u00edldoras a diario y el uso de preservativos, aunque esos m\u00e9todos siguen siendo considerados m\u00e1s efectivos. <\/p>\n<p>El estudio, efectuado en Francia y Canad\u00e1, es el primero en estudiar el consumo \u00abbajo demanda\u00bb de Truvada, una p\u00edldora que combina dos medicamentos contra el SIDA, con gente que planea tener relaciones sexuales de alto riesgo. <\/p>\n<p>Los sujetos no infectados que tomaron la pastilla fueron 86% menos propensos a contraer VIH en comparaci\u00f3n con quienes tomaron el placebo. \u00abMe impresion\u00f3\u00bb, expres\u00f3 el doctor Scott Hammer sobre el enorme beneficio. <\/p>\n<p>Es un especialista en SIDA en la Universidad Columbia en Nueva York y dirige la Conferencia Retrovirus llevada a cabo en Seattle, donde el martes se discutieron los resultados. <\/p>\n<p>\u00a0 <\/p>\n","protected":false},"excerpt":{"rendered":"<p>Por primera vez, un estudio demuestra que un medicamento usado <a href=\"https:\/\/sertv.gob.pa\/nacionalfm\/vih-podria-prevenirse-con-pildoras-antes-y-despues-del-sexo\/\"> [&#8230;]<\/a><\/p>\n","protected":false},"author":1,"featured_media":4202,"comment_status":"closed","ping_status":"closed","sticky":false,"template":"","format":"standard","meta":{"footnotes":""},"categories":[5],"tags":[],"class_list":["post-4201","post","type-post","status-publish","format-standard","has-post-thumbnail","hentry","category-salud"],"_links":{"self":[{"href":"https:\/\/sertv.gob.pa\/nacionalfm\/wp-json\/wp\/v2\/posts\/4201","targetHints":{"allow":["GET"]}}],"collection":[{"href":"https:\/\/sertv.gob.pa\/nacionalfm\/wp-json\/wp\/v2\/posts"}],"about":[{"href":"https:\/\/sertv.gob.pa\/nacionalfm\/wp-json\/wp\/v2\/types\/post"}],"author":[{"embeddable":true,"href":"https:\/\/sertv.gob.pa\/nacionalfm\/wp-json\/wp\/v2\/users\/1"}],"replies":[{"embeddable":true,"href":"https:\/\/sertv.gob.pa\/nacionalfm\/wp-json\/wp\/v2\/comments?post=4201"}],"version-history":[{"count":0,"href":"https:\/\/sertv.gob.pa\/nacionalfm\/wp-json\/wp\/v2\/posts\/4201\/revisions"}],"wp:featuredmedia":[{"embeddable":true,"href":"https:\/\/sertv.gob.pa\/nacionalfm\/wp-json\/wp\/v2\/media\/4202"}],"wp:attachment":[{"href":"https:\/\/sertv.gob.pa\/nacionalfm\/wp-json\/wp\/v2\/media?parent=4201"}],"wp:term":[{"taxonomy":"category","embeddable":true,"href":"https:\/\/sertv.gob.pa\/nacionalfm\/wp-json\/wp\/v2\/categories?post=4201"},{"taxonomy":"post_tag","embeddable":true,"href":"https:\/\/sertv.gob.pa\/nacionalfm\/wp-json\/wp\/v2\/tags?post=4201"}],"curies":[{"name":"wp","href":"https:\/\/api.w.org\/{rel}","templated":true}]}}