{"id":4213,"date":"2015-02-26T05:00:00","date_gmt":"2015-02-26T05:00:00","guid":{"rendered":""},"modified":"2015-02-26T05:00:00","modified_gmt":"2015-02-26T05:00:00","slug":"cientificos-proponen-prueba-cutanea-para-detectar-alzheimer","status":"publish","type":"post","link":"https:\/\/sertv.gob.pa\/nacionalfm\/cientificos-proponen-prueba-cutanea-para-detectar-alzheimer\/","title":{"rendered":"Cient\u00edficos proponen prueba cut\u00e1nea para detectar Alzheimer"},"content":{"rendered":"<p>\nCient\u00edficos de la Universidad de San Luis Potos\u00ed, en M\u00e9xico, propusieron desarrollar una prueba cut\u00e1nea para detectar anormalidades cerebrales, incluyendo el mal de Alzheimer. <\/p>\n<p>La investigaci\u00f3n, que se halla en sus etapas iniciales, encontr\u00f3 que las mismas prote\u00ednas anormales que se acumulan en el cerebro con dichas condiciones igualmente se pueden encontrar en la piel. <\/p>\n<p>El diagn\u00f3stico temprano es clave para prevenir la p\u00e9rdida de tejido cerebral en casos de demencia, que puede estar presente durante a\u00f1os sin ser detectada. <\/p>\n<p>Sin embargo, los expertos indican que las pruebas m\u00e1s avanzadas, incluyendo las de fluido cefalorraqu\u00eddeo, a\u00fan no est\u00e1n listas para la etapa cl\u00ednica. <\/p>\n<p>Durante a\u00f1os, investigadores han estado al asecho de indicadores biol\u00f3gicos en el cuerpo; mol\u00e9culas en la sangre o en la exhalaci\u00f3n pulmonar, que puedan ser medidos con exactitud como una se\u00f1al de la presencia de una enfermedad o desorden. <\/p>\n<p>\u00a0 <\/p>\n","protected":false},"excerpt":{"rendered":"<p>Cient\u00edficos de la Universidad de San Luis Potos\u00ed, en M\u00e9xico, <a href=\"https:\/\/sertv.gob.pa\/nacionalfm\/cientificos-proponen-prueba-cutanea-para-detectar-alzheimer\/\"> [&#8230;]<\/a><\/p>\n","protected":false},"author":1,"featured_media":4214,"comment_status":"closed","ping_status":"closed","sticky":false,"template":"","format":"standard","meta":{"footnotes":""},"categories":[5],"tags":[],"class_list":["post-4213","post","type-post","status-publish","format-standard","has-post-thumbnail","hentry","category-salud"],"_links":{"self":[{"href":"https:\/\/sertv.gob.pa\/nacionalfm\/wp-json\/wp\/v2\/posts\/4213","targetHints":{"allow":["GET"]}}],"collection":[{"href":"https:\/\/sertv.gob.pa\/nacionalfm\/wp-json\/wp\/v2\/posts"}],"about":[{"href":"https:\/\/sertv.gob.pa\/nacionalfm\/wp-json\/wp\/v2\/types\/post"}],"author":[{"embeddable":true,"href":"https:\/\/sertv.gob.pa\/nacionalfm\/wp-json\/wp\/v2\/users\/1"}],"replies":[{"embeddable":true,"href":"https:\/\/sertv.gob.pa\/nacionalfm\/wp-json\/wp\/v2\/comments?post=4213"}],"version-history":[{"count":0,"href":"https:\/\/sertv.gob.pa\/nacionalfm\/wp-json\/wp\/v2\/posts\/4213\/revisions"}],"wp:featuredmedia":[{"embeddable":true,"href":"https:\/\/sertv.gob.pa\/nacionalfm\/wp-json\/wp\/v2\/media\/4214"}],"wp:attachment":[{"href":"https:\/\/sertv.gob.pa\/nacionalfm\/wp-json\/wp\/v2\/media?parent=4213"}],"wp:term":[{"taxonomy":"category","embeddable":true,"href":"https:\/\/sertv.gob.pa\/nacionalfm\/wp-json\/wp\/v2\/categories?post=4213"},{"taxonomy":"post_tag","embeddable":true,"href":"https:\/\/sertv.gob.pa\/nacionalfm\/wp-json\/wp\/v2\/tags?post=4213"}],"curies":[{"name":"wp","href":"https:\/\/api.w.org\/{rel}","templated":true}]}}