{"id":4217,"date":"2015-02-26T05:00:00","date_gmt":"2015-02-26T05:00:00","guid":{"rendered":""},"modified":"2015-02-26T05:00:00","modified_gmt":"2015-02-26T05:00:00","slug":"expansion-del-virus-h1n1-en-la-india","status":"publish","type":"post","link":"https:\/\/sertv.gob.pa\/nacionalfm\/expansion-del-virus-h1n1-en-la-india\/","title":{"rendered":"Expansi\u00f3n del virus H1N1 en la India"},"content":{"rendered":"<p>\nJ.P. Nadda, ministro de Salud de la India, llam\u00f3 a la poblaci\u00f3n de su pa\u00eds a no entrar en p\u00e1nico por el creciente n\u00famero de decesos por el virus H1N1, conocido como gripe aviar. <\/p>\n<p>El H1N1 se ha cobrado m\u00e1s de 900 vidas, con Rajast\u00e1n y Gujarat como las poblaciones m\u00e1s afectadas. <\/p>\n<p>Fuentes oficiales de Ahmedabad, la ciudad m\u00e1s grande de Gujaran, decretaron la prohibici\u00f3n de reuniones en p\u00fablico como medida de precauci\u00f3n. <\/p>\n<p>Las bodas y funerales pueden celebrarse, pero quienes asistan deben llevar m\u00e1scaras protectoras. <\/p>\n","protected":false},"excerpt":{"rendered":"<p>J.P. Nadda, ministro de Salud de la India, llam\u00f3 a <a href=\"https:\/\/sertv.gob.pa\/nacionalfm\/expansion-del-virus-h1n1-en-la-india\/\"> [&#8230;]<\/a><\/p>\n","protected":false},"author":1,"featured_media":4218,"comment_status":"closed","ping_status":"closed","sticky":false,"template":"","format":"standard","meta":{"footnotes":""},"categories":[5],"tags":[],"class_list":["post-4217","post","type-post","status-publish","format-standard","has-post-thumbnail","hentry","category-salud"],"_links":{"self":[{"href":"https:\/\/sertv.gob.pa\/nacionalfm\/wp-json\/wp\/v2\/posts\/4217","targetHints":{"allow":["GET"]}}],"collection":[{"href":"https:\/\/sertv.gob.pa\/nacionalfm\/wp-json\/wp\/v2\/posts"}],"about":[{"href":"https:\/\/sertv.gob.pa\/nacionalfm\/wp-json\/wp\/v2\/types\/post"}],"author":[{"embeddable":true,"href":"https:\/\/sertv.gob.pa\/nacionalfm\/wp-json\/wp\/v2\/users\/1"}],"replies":[{"embeddable":true,"href":"https:\/\/sertv.gob.pa\/nacionalfm\/wp-json\/wp\/v2\/comments?post=4217"}],"version-history":[{"count":0,"href":"https:\/\/sertv.gob.pa\/nacionalfm\/wp-json\/wp\/v2\/posts\/4217\/revisions"}],"wp:featuredmedia":[{"embeddable":true,"href":"https:\/\/sertv.gob.pa\/nacionalfm\/wp-json\/wp\/v2\/media\/4218"}],"wp:attachment":[{"href":"https:\/\/sertv.gob.pa\/nacionalfm\/wp-json\/wp\/v2\/media?parent=4217"}],"wp:term":[{"taxonomy":"category","embeddable":true,"href":"https:\/\/sertv.gob.pa\/nacionalfm\/wp-json\/wp\/v2\/categories?post=4217"},{"taxonomy":"post_tag","embeddable":true,"href":"https:\/\/sertv.gob.pa\/nacionalfm\/wp-json\/wp\/v2\/tags?post=4217"}],"curies":[{"name":"wp","href":"https:\/\/api.w.org\/{rel}","templated":true}]}}