{"id":4229,"date":"2015-02-26T05:00:00","date_gmt":"2015-02-26T05:00:00","guid":{"rendered":""},"modified":"2015-02-26T05:00:00","modified_gmt":"2015-02-26T05:00:00","slug":"al-ha-dado-grandes-pasos-en-lucha-contra-tabaquismo","status":"publish","type":"post","link":"https:\/\/sertv.gob.pa\/nacionalfm\/al-ha-dado-grandes-pasos-en-lucha-contra-tabaquismo\/","title":{"rendered":"AL ha dado grandes pasos en lucha contra tabaquismo"},"content":{"rendered":"<p>\nAm\u00e9rica Latina ha dado \u00abpasos enormes\u00bb en materia de ambientes libres de humo y advertencias sanitarias y avanzado en la prohibici\u00f3n de la publicidad del cigarrillo, pero a\u00fan las cifras vinculadas al tabaquismo son \u00abpreocupantes\u00bb. <\/p>\n<p>As\u00ed lo dio a conocer \u00a0a Efe el colombiano Yul Francisco Dorado, director regional de la Corporate Accountability International (CAI), una ONG que desde hace 35 a\u00f1os desaf\u00eda \u00ablas acciones irresponsables de las grandes corporaciones\u00bb. <\/p>\n<p>El mayor logro del Convenio Marco para el Control del Tabaco (CMCT) es \u00abque hoy sabemos que hacer para atacar el tabaquismo\u00bb, expres\u00f3 Dorado en una entrevista con motivo del d\u00e9cimo aniversario de ese instrumento, que se cumple este viernes. <\/p>\n<p>El director para Am\u00e9rica Latina de CAI no duda en calificar de \u00abepidemia\u00bb al tabaquismo y responsabiliza a las compa\u00f1\u00edas tabacaleras de las muertes y otros da\u00f1os que causa. <\/p>\n<p>\u00abHablamos de una epidemia que mata una persona cada 6 segundos en cualquier sitio del mundo, para sumar m\u00e1s de 6 millones de personas al a\u00f1o, muertes que son de responsabilidad de la industria tabacalera que ha normalizado durante m\u00e1s de 100 a\u00f1os el consumo de cigarrillo, al vender un producto que produce discapacidad, enfermedad y muerte\u00bb, indica. <\/p>\n<p>En Am\u00e9rica Latina, seg\u00fan las cifras de la ONG, 1.039 personas fallecen al d\u00eda a causa del tabaquismo y suman aproximadamente 33.000 millones de d\u00f3lares los costos anuales de tratar los problemas de salud provocados por la adicci\u00f3n a la nicotina y la exposici\u00f3n al humo del cigarrillo. <\/p>\n<p>Entre las \u00abbuenas noticias\u00bb en la lucha contra el tabaco en Am\u00e9rica Latina, Dorado menciona a Uruguay y Panam\u00e1, que \u00abtienen un liderazgo mundial, con disminuciones importantes de prevalencia (del tabaquismo) como consecuencia de una eficaz implementaci\u00f3n de una pol\u00edtica integral y acciones de vigilancia a la industria tabacalera\u00bb. <\/p>\n<p>\u00a0 <\/p>\n<p>\u00a0 <\/p>\n<p>\u00a0 <\/p>\n","protected":false},"excerpt":{"rendered":"<p>Am\u00e9rica Latina ha dado \u00abpasos enormes\u00bb en materia de ambientes <a href=\"https:\/\/sertv.gob.pa\/nacionalfm\/al-ha-dado-grandes-pasos-en-lucha-contra-tabaquismo\/\"> [&#8230;]<\/a><\/p>\n","protected":false},"author":1,"featured_media":4230,"comment_status":"closed","ping_status":"closed","sticky":false,"template":"","format":"standard","meta":{"footnotes":""},"categories":[5],"tags":[],"class_list":["post-4229","post","type-post","status-publish","format-standard","has-post-thumbnail","hentry","category-salud"],"_links":{"self":[{"href":"https:\/\/sertv.gob.pa\/nacionalfm\/wp-json\/wp\/v2\/posts\/4229","targetHints":{"allow":["GET"]}}],"collection":[{"href":"https:\/\/sertv.gob.pa\/nacionalfm\/wp-json\/wp\/v2\/posts"}],"about":[{"href":"https:\/\/sertv.gob.pa\/nacionalfm\/wp-json\/wp\/v2\/types\/post"}],"author":[{"embeddable":true,"href":"https:\/\/sertv.gob.pa\/nacionalfm\/wp-json\/wp\/v2\/users\/1"}],"replies":[{"embeddable":true,"href":"https:\/\/sertv.gob.pa\/nacionalfm\/wp-json\/wp\/v2\/comments?post=4229"}],"version-history":[{"count":0,"href":"https:\/\/sertv.gob.pa\/nacionalfm\/wp-json\/wp\/v2\/posts\/4229\/revisions"}],"wp:featuredmedia":[{"embeddable":true,"href":"https:\/\/sertv.gob.pa\/nacionalfm\/wp-json\/wp\/v2\/media\/4230"}],"wp:attachment":[{"href":"https:\/\/sertv.gob.pa\/nacionalfm\/wp-json\/wp\/v2\/media?parent=4229"}],"wp:term":[{"taxonomy":"category","embeddable":true,"href":"https:\/\/sertv.gob.pa\/nacionalfm\/wp-json\/wp\/v2\/categories?post=4229"},{"taxonomy":"post_tag","embeddable":true,"href":"https:\/\/sertv.gob.pa\/nacionalfm\/wp-json\/wp\/v2\/tags?post=4229"}],"curies":[{"name":"wp","href":"https:\/\/api.w.org\/{rel}","templated":true}]}}