{"id":423,"date":"2014-07-22T05:00:00","date_gmt":"2014-07-22T05:00:00","guid":{"rendered":""},"modified":"2014-07-22T05:00:00","modified_gmt":"2014-07-22T05:00:00","slug":"primera-victima-del-dengue-en-honduras-en-2014","status":"publish","type":"post","link":"https:\/\/sertv.gob.pa\/nacionalfm\/primera-victima-del-dengue-en-honduras-en-2014\/","title":{"rendered":"Primera v\u00edctima del dengue en Honduras en 2014"},"content":{"rendered":"<p>\nFrancis Contreras, viceministro hondure\u00f1o de Salud, dio a conocer que una ni\u00f1a de tres a\u00f1os de edad se convirti\u00f3 en la primera v\u00edctima mortal del dengue hemorr\u00e1gico en Honduras en el 2014. <\/p>\n<p>La menor, cuyo nombre no proporcion\u00f3, muri\u00f3 el \u00a015 de julio en el hospital de Choluteca, y era originaria del municipio de El Corpus, en el sur del pa\u00eds centroamericano, se\u00f1al\u00f3 Contreras a periodistas. \u00abLamentamos a esta semana 28 reportar el primer caso de un fallecimiento que dio positivo por dengue\u00bb, subray\u00f3, sin dar m\u00e1s detalles del caso.\u00a0 <\/p>\n<p>El funcionario manifest\u00f3 que un equipo del Ministerio de Salud se traslad\u00f3 a El Corpus para investigar otros casos, cuyo n\u00famero no precis\u00f3, sospechosos de dengue hemorr\u00e1gico.\u00a0<br \/>\n\u00a0 <\/p>\n<p>Las personas que han contra\u00eddo el dengue cl\u00e1sico en lo que va de a\u00f1o superan las 5.000 en todo el pa\u00eds, mientras que los sospechosos por el hemorr\u00e1gico suman m\u00e1s de 600, seg\u00fan las autoridades sanitarias del pa\u00eds centroamericano.\u00a0 <\/p>\n<p>En las \u00faltimas semanas, las autoridades sanitarias de Honduras han intensificado las acciones de fumigaci\u00f3n para destruir los criaderos de larvas del aedes aegypti, que transmite el dengue. <\/p>\n<p>En 2013, el dengue hemorr\u00e1gico caus\u00f3 27 muertos en Honduras, mientras que en 2012 solamente dos personas fallecieron, seg\u00fan cifras oficiales. @nacionalFm <\/p>\n<p>\u00a0 <\/p>\n","protected":false},"excerpt":{"rendered":"<p>Francis Contreras, viceministro hondure\u00f1o de Salud, dio a conocer que <a href=\"https:\/\/sertv.gob.pa\/nacionalfm\/primera-victima-del-dengue-en-honduras-en-2014\/\"> [&#8230;]<\/a><\/p>\n","protected":false},"author":1,"featured_media":424,"comment_status":"closed","ping_status":"closed","sticky":false,"template":"","format":"standard","meta":{"footnotes":""},"categories":[5],"tags":[],"class_list":["post-423","post","type-post","status-publish","format-standard","has-post-thumbnail","hentry","category-salud"],"_links":{"self":[{"href":"https:\/\/sertv.gob.pa\/nacionalfm\/wp-json\/wp\/v2\/posts\/423","targetHints":{"allow":["GET"]}}],"collection":[{"href":"https:\/\/sertv.gob.pa\/nacionalfm\/wp-json\/wp\/v2\/posts"}],"about":[{"href":"https:\/\/sertv.gob.pa\/nacionalfm\/wp-json\/wp\/v2\/types\/post"}],"author":[{"embeddable":true,"href":"https:\/\/sertv.gob.pa\/nacionalfm\/wp-json\/wp\/v2\/users\/1"}],"replies":[{"embeddable":true,"href":"https:\/\/sertv.gob.pa\/nacionalfm\/wp-json\/wp\/v2\/comments?post=423"}],"version-history":[{"count":0,"href":"https:\/\/sertv.gob.pa\/nacionalfm\/wp-json\/wp\/v2\/posts\/423\/revisions"}],"wp:featuredmedia":[{"embeddable":true,"href":"https:\/\/sertv.gob.pa\/nacionalfm\/wp-json\/wp\/v2\/media\/424"}],"wp:attachment":[{"href":"https:\/\/sertv.gob.pa\/nacionalfm\/wp-json\/wp\/v2\/media?parent=423"}],"wp:term":[{"taxonomy":"category","embeddable":true,"href":"https:\/\/sertv.gob.pa\/nacionalfm\/wp-json\/wp\/v2\/categories?post=423"},{"taxonomy":"post_tag","embeddable":true,"href":"https:\/\/sertv.gob.pa\/nacionalfm\/wp-json\/wp\/v2\/tags?post=423"}],"curies":[{"name":"wp","href":"https:\/\/api.w.org\/{rel}","templated":true}]}}