{"id":4245,"date":"2015-02-27T05:00:00","date_gmt":"2015-02-27T05:00:00","guid":{"rendered":""},"modified":"2015-02-27T05:00:00","modified_gmt":"2015-02-27T05:00:00","slug":"esperanza-para-pacientes-cardiacos-regresa","status":"publish","type":"post","link":"https:\/\/sertv.gob.pa\/nacionalfm\/esperanza-para-pacientes-cardiacos-regresa\/","title":{"rendered":"Esperanza para pacientes cardiacos regresa"},"content":{"rendered":"<p>\nUn grupo de asegurados que se hallan recluidos en la sala de Cardiolog\u00eda del Complejo Hospitalario Arnulfo Arias Madrid se reuni\u00f3 con oficiales de derechos humanos de la Defensor\u00eda del Pueblo. <\/p>\n<p>Los funcionarios de la Defensor\u00eda estaban preocupados por el riesgo que representa para la salud de estos pacientes no recibir un tratamiento m\u00e9dico adecuado para mejorar sus condiciones de salud, dado que algunos permanecen hospitalizados desde hace seis meses en espera de una cirug\u00eda de coraz\u00f3n abierto. <\/p>\n<p>El director de las Unidades Especializadas de la Defensor\u00eda del Pueblo, Fidel Herrera, luego de una reuni\u00f3n sostenida con \u00a0Baldomero Gonz\u00e1lez, director del departamento de Cardiolog\u00eda, explic\u00f3 que el tema se tratar\u00e1 la pr\u00f3xima semana en la reuni\u00f3n de junta directiva para retomar el proceso de operaciones tanto en el complejo como en hospitales privados. <\/p>\n<p>Herrera dio a conocer que igualmente le informaron que se hab\u00edan llevado a cabo 24 de las 50 operaciones que estaban en el paquete de externalizaci\u00f3n que anunci\u00f3 la entidad, el pasado 20 de enero. <\/p>\n<p>\u00a0 <\/p>\n","protected":false},"excerpt":{"rendered":"<p>Un grupo de asegurados que se hallan recluidos en la <a href=\"https:\/\/sertv.gob.pa\/nacionalfm\/esperanza-para-pacientes-cardiacos-regresa\/\"> [&#8230;]<\/a><\/p>\n","protected":false},"author":1,"featured_media":4246,"comment_status":"closed","ping_status":"closed","sticky":false,"template":"","format":"standard","meta":{"footnotes":""},"categories":[5],"tags":[],"class_list":["post-4245","post","type-post","status-publish","format-standard","has-post-thumbnail","hentry","category-salud"],"_links":{"self":[{"href":"https:\/\/sertv.gob.pa\/nacionalfm\/wp-json\/wp\/v2\/posts\/4245","targetHints":{"allow":["GET"]}}],"collection":[{"href":"https:\/\/sertv.gob.pa\/nacionalfm\/wp-json\/wp\/v2\/posts"}],"about":[{"href":"https:\/\/sertv.gob.pa\/nacionalfm\/wp-json\/wp\/v2\/types\/post"}],"author":[{"embeddable":true,"href":"https:\/\/sertv.gob.pa\/nacionalfm\/wp-json\/wp\/v2\/users\/1"}],"replies":[{"embeddable":true,"href":"https:\/\/sertv.gob.pa\/nacionalfm\/wp-json\/wp\/v2\/comments?post=4245"}],"version-history":[{"count":0,"href":"https:\/\/sertv.gob.pa\/nacionalfm\/wp-json\/wp\/v2\/posts\/4245\/revisions"}],"wp:featuredmedia":[{"embeddable":true,"href":"https:\/\/sertv.gob.pa\/nacionalfm\/wp-json\/wp\/v2\/media\/4246"}],"wp:attachment":[{"href":"https:\/\/sertv.gob.pa\/nacionalfm\/wp-json\/wp\/v2\/media?parent=4245"}],"wp:term":[{"taxonomy":"category","embeddable":true,"href":"https:\/\/sertv.gob.pa\/nacionalfm\/wp-json\/wp\/v2\/categories?post=4245"},{"taxonomy":"post_tag","embeddable":true,"href":"https:\/\/sertv.gob.pa\/nacionalfm\/wp-json\/wp\/v2\/tags?post=4245"}],"curies":[{"name":"wp","href":"https:\/\/api.w.org\/{rel}","templated":true}]}}