{"id":4281,"date":"2015-03-01T05:00:00","date_gmt":"2015-03-01T05:00:00","guid":{"rendered":""},"modified":"2015-03-01T05:00:00","modified_gmt":"2015-03-01T05:00:00","slug":"tabaco-ocasiona-deceso-de-dos-tercios-de-fumadores-regulares","status":"publish","type":"post","link":"https:\/\/sertv.gob.pa\/nacionalfm\/tabaco-ocasiona-deceso-de-dos-tercios-de-fumadores-regulares\/","title":{"rendered":"Tabaco ocasiona deceso de dos tercios de fumadores regulares"},"content":{"rendered":"<p>\nDiez a\u00f1os luego de la adopci\u00f3n de la Convenci\u00f3n Marco para el Control del Tabaco, fumar ha dejado de ser un h\u00e1bito socialmente aceptable en una mayor\u00eda de pa\u00edses, que seg\u00fan nuevas estimaciones ocasiona la muerte de m\u00e1s de la mitad de fumadores regulares. <\/p>\n<p>Si hasta hace poco se consideraba que uno de cada dos consumidores regulares de tabaco mor\u00eda por esta raz\u00f3n, las investigaciones m\u00e1s recientes se\u00f1alan que esa cifra estaba \u00absubestimada\u00bb y que en realidad provoca la muerte de dos de cada tres fumadores. <\/p>\n<p>\u00abEsto representa m\u00e1s del 50%\u00bb, expres\u00f3 la responsable de la Secretar\u00eda de la Convenci\u00f3n, Vera Luiza da Costa e Silva, en una rueda de prensa para evaluar el impacto que ha tenido este instrumento legal, convertido en 2005 en el primero de alcance internacional en abordar un problema de salud p\u00fablica. <\/p>\n<p>\u00a0 <\/p>\n","protected":false},"excerpt":{"rendered":"<p>Diez a\u00f1os luego de la adopci\u00f3n de la Convenci\u00f3n Marco <a href=\"https:\/\/sertv.gob.pa\/nacionalfm\/tabaco-ocasiona-deceso-de-dos-tercios-de-fumadores-regulares\/\"> [&#8230;]<\/a><\/p>\n","protected":false},"author":1,"featured_media":4282,"comment_status":"closed","ping_status":"closed","sticky":false,"template":"","format":"standard","meta":{"footnotes":""},"categories":[5],"tags":[],"class_list":["post-4281","post","type-post","status-publish","format-standard","has-post-thumbnail","hentry","category-salud"],"_links":{"self":[{"href":"https:\/\/sertv.gob.pa\/nacionalfm\/wp-json\/wp\/v2\/posts\/4281","targetHints":{"allow":["GET"]}}],"collection":[{"href":"https:\/\/sertv.gob.pa\/nacionalfm\/wp-json\/wp\/v2\/posts"}],"about":[{"href":"https:\/\/sertv.gob.pa\/nacionalfm\/wp-json\/wp\/v2\/types\/post"}],"author":[{"embeddable":true,"href":"https:\/\/sertv.gob.pa\/nacionalfm\/wp-json\/wp\/v2\/users\/1"}],"replies":[{"embeddable":true,"href":"https:\/\/sertv.gob.pa\/nacionalfm\/wp-json\/wp\/v2\/comments?post=4281"}],"version-history":[{"count":0,"href":"https:\/\/sertv.gob.pa\/nacionalfm\/wp-json\/wp\/v2\/posts\/4281\/revisions"}],"wp:featuredmedia":[{"embeddable":true,"href":"https:\/\/sertv.gob.pa\/nacionalfm\/wp-json\/wp\/v2\/media\/4282"}],"wp:attachment":[{"href":"https:\/\/sertv.gob.pa\/nacionalfm\/wp-json\/wp\/v2\/media?parent=4281"}],"wp:term":[{"taxonomy":"category","embeddable":true,"href":"https:\/\/sertv.gob.pa\/nacionalfm\/wp-json\/wp\/v2\/categories?post=4281"},{"taxonomy":"post_tag","embeddable":true,"href":"https:\/\/sertv.gob.pa\/nacionalfm\/wp-json\/wp\/v2\/tags?post=4281"}],"curies":[{"name":"wp","href":"https:\/\/api.w.org\/{rel}","templated":true}]}}