{"id":4289,"date":"2015-03-02T05:00:00","date_gmt":"2015-03-02T05:00:00","guid":{"rendered":""},"modified":"2015-03-02T05:00:00","modified_gmt":"2015-03-02T05:00:00","slug":"telefonos-inalambricos-y-celulares-en-riesgo-latente-para-la-salud","status":"publish","type":"post","link":"https:\/\/sertv.gob.pa\/nacionalfm\/telefonos-inalambricos-y-celulares-en-riesgo-latente-para-la-salud\/","title":{"rendered":"Tel\u00e9fonos inal\u00e1mbricos y celulares en riesgo latente para la salud"},"content":{"rendered":"<p>\nUn dilema que debate la comunidad cient\u00edfica desde hace varios a\u00f1os gira en torno a una inc\u00f3gnita: \u00bfla salud de los usuarios de celulares y tel\u00e9fonos inal\u00e1mbricos podr\u00eda afectarse negativamente por exponerse a los campos electromagn\u00e9ticos de radiofrecuencia que emiten estos dispositivos? <\/p>\n<p>Muchas investigaciones han intentado responderla. Una de las m\u00e1s recientes, publicada en  Pathophysiology Journal , hall\u00f3 que el uso de estos aparatos increment\u00f3 el peligro del desarrollo de glioma (la forma m\u00e1s com\u00fan de tumor cerebral maligno) en una muestra poblacional estudiada en Suecia. <\/p>\n<p>El estudio incluy\u00f3 los resultados de mil 498 pacientes con tumores cerebrales, quienes participaron en 3 mil 530 controles en dos estudios de casos durante los per\u00edodos 1997-2003 y 2007-2009 para encontrar si hubo una relaci\u00f3n entre el uso del tel\u00e9fono y su c\u00e1ncer. <\/p>\n<p>La investigaci\u00f3n descubri\u00f3 que a mayor cantidad de tiempo usando el celular o el tel\u00e9fono inal\u00e1mbrico es m\u00e1s alto el peligro de desarrollar glioma, pues se tiene hasta tres veces m\u00e1s probabilidad de padecerlo luego de 25 a\u00f1os de exponerse a la energ\u00eda de radiofrecuencia a trav\u00e9s de su uso. \u00a0 <\/p>\n<p>\u00a0 <\/p>\n<p>\u00a0 <\/p>\n","protected":false},"excerpt":{"rendered":"<p>Un dilema que debate la comunidad cient\u00edfica desde hace varios <a href=\"https:\/\/sertv.gob.pa\/nacionalfm\/telefonos-inalambricos-y-celulares-en-riesgo-latente-para-la-salud\/\"> [&#8230;]<\/a><\/p>\n","protected":false},"author":1,"featured_media":4290,"comment_status":"closed","ping_status":"closed","sticky":false,"template":"","format":"standard","meta":{"footnotes":""},"categories":[5],"tags":[],"class_list":["post-4289","post","type-post","status-publish","format-standard","has-post-thumbnail","hentry","category-salud"],"_links":{"self":[{"href":"https:\/\/sertv.gob.pa\/nacionalfm\/wp-json\/wp\/v2\/posts\/4289","targetHints":{"allow":["GET"]}}],"collection":[{"href":"https:\/\/sertv.gob.pa\/nacionalfm\/wp-json\/wp\/v2\/posts"}],"about":[{"href":"https:\/\/sertv.gob.pa\/nacionalfm\/wp-json\/wp\/v2\/types\/post"}],"author":[{"embeddable":true,"href":"https:\/\/sertv.gob.pa\/nacionalfm\/wp-json\/wp\/v2\/users\/1"}],"replies":[{"embeddable":true,"href":"https:\/\/sertv.gob.pa\/nacionalfm\/wp-json\/wp\/v2\/comments?post=4289"}],"version-history":[{"count":0,"href":"https:\/\/sertv.gob.pa\/nacionalfm\/wp-json\/wp\/v2\/posts\/4289\/revisions"}],"wp:featuredmedia":[{"embeddable":true,"href":"https:\/\/sertv.gob.pa\/nacionalfm\/wp-json\/wp\/v2\/media\/4290"}],"wp:attachment":[{"href":"https:\/\/sertv.gob.pa\/nacionalfm\/wp-json\/wp\/v2\/media?parent=4289"}],"wp:term":[{"taxonomy":"category","embeddable":true,"href":"https:\/\/sertv.gob.pa\/nacionalfm\/wp-json\/wp\/v2\/categories?post=4289"},{"taxonomy":"post_tag","embeddable":true,"href":"https:\/\/sertv.gob.pa\/nacionalfm\/wp-json\/wp\/v2\/tags?post=4289"}],"curies":[{"name":"wp","href":"https:\/\/api.w.org\/{rel}","templated":true}]}}