{"id":4291,"date":"2015-03-02T05:00:00","date_gmt":"2015-03-02T05:00:00","guid":{"rendered":""},"modified":"2015-03-02T05:00:00","modified_gmt":"2015-03-02T05:00:00","slug":"41-muertos-por-epidemia-de-colera-en-mozambique","status":"publish","type":"post","link":"https:\/\/sertv.gob.pa\/nacionalfm\/41-muertos-por-epidemia-de-colera-en-mozambique\/","title":{"rendered":"41 muertos por epidemia de c\u00f3lera en Mozambique"},"content":{"rendered":"<p>\nLas autoridades de Mozambique anunciaron este lunes que se han registrados 41 muertes por la epidemia de c\u00f3lera que afecta al pa\u00eds, tras las inundaciones de enero pasado. <\/p>\n<p>El informe de personas contagiadas asciende a 4.000, cuya situaci\u00f3n se ha visto agravada por los torrenciales aguaceros en el norte y oeste del pa\u00eds. <\/p>\n<p>Un reporte de la organizaci\u00f3n M\u00e9dicos Sin Frontera advirti\u00f3 que la tasa de infecci\u00f3n se increment\u00f3 r\u00e1pidamente en febrero, particularmente en la provincias de Tete, en el oeste de Mozambique, donde no se hab\u00eda producido una epidemia de c\u00f3lera desde 2009. <\/p>\n<p>\u00a0 <\/p>\n","protected":false},"excerpt":{"rendered":"<p>Las autoridades de Mozambique anunciaron este lunes que se han <a href=\"https:\/\/sertv.gob.pa\/nacionalfm\/41-muertos-por-epidemia-de-colera-en-mozambique\/\"> [&#8230;]<\/a><\/p>\n","protected":false},"author":1,"featured_media":4292,"comment_status":"closed","ping_status":"closed","sticky":false,"template":"","format":"standard","meta":{"footnotes":""},"categories":[5],"tags":[],"class_list":["post-4291","post","type-post","status-publish","format-standard","has-post-thumbnail","hentry","category-salud"],"_links":{"self":[{"href":"https:\/\/sertv.gob.pa\/nacionalfm\/wp-json\/wp\/v2\/posts\/4291","targetHints":{"allow":["GET"]}}],"collection":[{"href":"https:\/\/sertv.gob.pa\/nacionalfm\/wp-json\/wp\/v2\/posts"}],"about":[{"href":"https:\/\/sertv.gob.pa\/nacionalfm\/wp-json\/wp\/v2\/types\/post"}],"author":[{"embeddable":true,"href":"https:\/\/sertv.gob.pa\/nacionalfm\/wp-json\/wp\/v2\/users\/1"}],"replies":[{"embeddable":true,"href":"https:\/\/sertv.gob.pa\/nacionalfm\/wp-json\/wp\/v2\/comments?post=4291"}],"version-history":[{"count":0,"href":"https:\/\/sertv.gob.pa\/nacionalfm\/wp-json\/wp\/v2\/posts\/4291\/revisions"}],"wp:featuredmedia":[{"embeddable":true,"href":"https:\/\/sertv.gob.pa\/nacionalfm\/wp-json\/wp\/v2\/media\/4292"}],"wp:attachment":[{"href":"https:\/\/sertv.gob.pa\/nacionalfm\/wp-json\/wp\/v2\/media?parent=4291"}],"wp:term":[{"taxonomy":"category","embeddable":true,"href":"https:\/\/sertv.gob.pa\/nacionalfm\/wp-json\/wp\/v2\/categories?post=4291"},{"taxonomy":"post_tag","embeddable":true,"href":"https:\/\/sertv.gob.pa\/nacionalfm\/wp-json\/wp\/v2\/tags?post=4291"}],"curies":[{"name":"wp","href":"https:\/\/api.w.org\/{rel}","templated":true}]}}