{"id":4313,"date":"2015-03-03T19:36:18","date_gmt":"2015-03-03T19:36:18","guid":{"rendered":""},"modified":"2015-03-03T19:36:18","modified_gmt":"2015-03-03T19:36:18","slug":"tenemos-que-derrotar-para-siempre-el-ebola","status":"publish","type":"post","link":"https:\/\/sertv.gob.pa\/nacionalfm\/tenemos-que-derrotar-para-siempre-el-ebola\/","title":{"rendered":"\u00abTenemos que derrotar para siempre el \u00e9bola\u00bb"},"content":{"rendered":"<p>\nFederica Mogherini, jefa de la diplomacia europea, advirti\u00f3 que la epidemia del \u00c9bola \u00abno ha pasado a\u00fan\u00bb y por eso hay que concentrar todos los esfuerzos para garantizar que esta enfermedad sea \u00abderrotada\u00bb para siempre. <\/p>\n<p>\u00abPrimero, ante todo, tenemos que asumir que no se ha acabado todav\u00eda esta enfermedad. Tenemos que concentrar a\u00fan todos nuestros esfuerzos parara garantizar que no haya nuevos casos y que el \u00e9bola sea derrotado de forma certera y para siempre\u00bb, indic\u00f3 Mogherini a su llegada a la conferencia internacional sobre el virus que la Uni\u00f3n Europea (UE) celebra hoy en Bruselas. <\/p>\n<p>En esta conferencia participan los presidentes de Guinea, Sierra Leona, Liberia y Congo Brazaville, ministros y representantes de los gobiernos comunitarios, delegaciones de Estados Unidos, Cuba y de otros pa\u00edses involucrados en la lucha contra la enfermedad, as\u00ed como delegados de la ONU, el Fondo Monetario Internacional (FMI), el Banco Mundial (BM), ONG e institutos de investigaci\u00f3n. <\/p>\n<p>\u00abTambi\u00e9n tenemos que darnos cuenta de que no solo deben recuperarse las personas afectadas, sino comunidades, sociedades y naciones enteras; una gran parte de un continente que es muy importante para Europa, para nosotros\u00bb, recalc\u00f3 Mogherini. <\/p>\n<p>La epidemia de \u00c9bola, declarada hace casi un a\u00f1o, ha provocado 22.487 casos (entre confirmados, probables y sospechosos) y 8.979 fallecimientos, la mayor\u00eda en Sierra Leona (10.756), seguida de Liberia (8.745) y Guinea (2.986), donde apareci\u00f3 el brote. <\/p>\n<p>\u00a0 <\/p>\n","protected":false},"excerpt":{"rendered":"<p>Federica Mogherini, jefa de la diplomacia europea, advirti\u00f3 que la <a href=\"https:\/\/sertv.gob.pa\/nacionalfm\/tenemos-que-derrotar-para-siempre-el-ebola\/\"> [&#8230;]<\/a><\/p>\n","protected":false},"author":1,"featured_media":4314,"comment_status":"closed","ping_status":"closed","sticky":false,"template":"","format":"standard","meta":{"footnotes":""},"categories":[5],"tags":[],"class_list":["post-4313","post","type-post","status-publish","format-standard","has-post-thumbnail","hentry","category-salud"],"_links":{"self":[{"href":"https:\/\/sertv.gob.pa\/nacionalfm\/wp-json\/wp\/v2\/posts\/4313","targetHints":{"allow":["GET"]}}],"collection":[{"href":"https:\/\/sertv.gob.pa\/nacionalfm\/wp-json\/wp\/v2\/posts"}],"about":[{"href":"https:\/\/sertv.gob.pa\/nacionalfm\/wp-json\/wp\/v2\/types\/post"}],"author":[{"embeddable":true,"href":"https:\/\/sertv.gob.pa\/nacionalfm\/wp-json\/wp\/v2\/users\/1"}],"replies":[{"embeddable":true,"href":"https:\/\/sertv.gob.pa\/nacionalfm\/wp-json\/wp\/v2\/comments?post=4313"}],"version-history":[{"count":0,"href":"https:\/\/sertv.gob.pa\/nacionalfm\/wp-json\/wp\/v2\/posts\/4313\/revisions"}],"wp:featuredmedia":[{"embeddable":true,"href":"https:\/\/sertv.gob.pa\/nacionalfm\/wp-json\/wp\/v2\/media\/4314"}],"wp:attachment":[{"href":"https:\/\/sertv.gob.pa\/nacionalfm\/wp-json\/wp\/v2\/media?parent=4313"}],"wp:term":[{"taxonomy":"category","embeddable":true,"href":"https:\/\/sertv.gob.pa\/nacionalfm\/wp-json\/wp\/v2\/categories?post=4313"},{"taxonomy":"post_tag","embeddable":true,"href":"https:\/\/sertv.gob.pa\/nacionalfm\/wp-json\/wp\/v2\/tags?post=4313"}],"curies":[{"name":"wp","href":"https:\/\/api.w.org\/{rel}","templated":true}]}}