{"id":4325,"date":"2015-03-04T15:35:28","date_gmt":"2015-03-04T15:35:28","guid":{"rendered":""},"modified":"2015-03-04T15:35:28","modified_gmt":"2015-03-04T15:35:28","slug":"en-china-se-registran-2-casos-de-la-gripe-aviar","status":"publish","type":"post","link":"https:\/\/sertv.gob.pa\/nacionalfm\/en-china-se-registran-2-casos-de-la-gripe-aviar\/","title":{"rendered":"En China se registran 2 casos de la gripe aviar"},"content":{"rendered":"<p>\nLa provincia sure\u00f1a china de Guangdong ha registrado otros dos casos humanos de la gripe aviar H7N9, seg\u00fan las autoridades de salud locales, lo que incrementa el n\u00famero total de infecciones en la provincia a 65 este a\u00f1o. <\/p>\n<p>Un hombre de 45 a\u00f1os en la ciudad de Dongguan y otro de 36 en la ciudad de Foshan fueron diagnosticados con la enfermedad el pasado s\u00e1bado, expres\u00f3 la comisi\u00f3n provincial de salud y planificaci\u00f3n familiar en un comunicado. Ambos se hallan en condiciones estables. <\/p>\n<p>Las primeras infecciones humanas de la cepa H7N9 de la gripe aviar se registraron en marzo de 2013. <\/p>\n<p>\u00a0 <\/p>\n","protected":false},"excerpt":{"rendered":"<p>La provincia sure\u00f1a china de Guangdong ha registrado otros dos <a href=\"https:\/\/sertv.gob.pa\/nacionalfm\/en-china-se-registran-2-casos-de-la-gripe-aviar\/\"> [&#8230;]<\/a><\/p>\n","protected":false},"author":1,"featured_media":4326,"comment_status":"closed","ping_status":"closed","sticky":false,"template":"","format":"standard","meta":{"footnotes":""},"categories":[5],"tags":[],"class_list":["post-4325","post","type-post","status-publish","format-standard","has-post-thumbnail","hentry","category-salud"],"_links":{"self":[{"href":"https:\/\/sertv.gob.pa\/nacionalfm\/wp-json\/wp\/v2\/posts\/4325","targetHints":{"allow":["GET"]}}],"collection":[{"href":"https:\/\/sertv.gob.pa\/nacionalfm\/wp-json\/wp\/v2\/posts"}],"about":[{"href":"https:\/\/sertv.gob.pa\/nacionalfm\/wp-json\/wp\/v2\/types\/post"}],"author":[{"embeddable":true,"href":"https:\/\/sertv.gob.pa\/nacionalfm\/wp-json\/wp\/v2\/users\/1"}],"replies":[{"embeddable":true,"href":"https:\/\/sertv.gob.pa\/nacionalfm\/wp-json\/wp\/v2\/comments?post=4325"}],"version-history":[{"count":0,"href":"https:\/\/sertv.gob.pa\/nacionalfm\/wp-json\/wp\/v2\/posts\/4325\/revisions"}],"wp:featuredmedia":[{"embeddable":true,"href":"https:\/\/sertv.gob.pa\/nacionalfm\/wp-json\/wp\/v2\/media\/4326"}],"wp:attachment":[{"href":"https:\/\/sertv.gob.pa\/nacionalfm\/wp-json\/wp\/v2\/media?parent=4325"}],"wp:term":[{"taxonomy":"category","embeddable":true,"href":"https:\/\/sertv.gob.pa\/nacionalfm\/wp-json\/wp\/v2\/categories?post=4325"},{"taxonomy":"post_tag","embeddable":true,"href":"https:\/\/sertv.gob.pa\/nacionalfm\/wp-json\/wp\/v2\/tags?post=4325"}],"curies":[{"name":"wp","href":"https:\/\/api.w.org\/{rel}","templated":true}]}}