{"id":4327,"date":"2015-03-04T16:15:00","date_gmt":"2015-03-04T16:15:00","guid":{"rendered":""},"modified":"2015-03-04T16:15:00","modified_gmt":"2015-03-04T16:15:00","slug":"regulan-compra-de-farmacos-en-hospitales-chinos","status":"publish","type":"post","link":"https:\/\/sertv.gob.pa\/nacionalfm\/regulan-compra-de-farmacos-en-hospitales-chinos\/","title":{"rendered":"Regulan compra de f\u00e1rmacos en hospitales chinos"},"content":{"rendered":"<p>\nUn documento sobre la compra de medicamentos por parte de hospitales chinos orden\u00f3 a estos centros sanitarios a que \u00fanicamente comprasen medicamentos de las plataformas de adquisici\u00f3n farmac\u00e9utica provinciales. <\/p>\n<p>El documento, publicado por la Oficina General del Consejo de Estado, ayudar\u00e1 a la reforma hospitalaria, regular\u00e1 la oferta de f\u00e1rmacos y mejorar\u00e1 las pol\u00edticas de Estado en este sentido, de acuerdo con un comunicado que lo acompa\u00f1a. <\/p>\n<p>El prop\u00f3sito es garantizar la oferta de medicamentos en las regiones perif\u00e9ricas, seg\u00fan el comunicado, que a\u00f1adi\u00f3 que el proceso debe ser transparente. <\/p>\n<p>\u00a0 <\/p>\n","protected":false},"excerpt":{"rendered":"<p>Un documento sobre la compra de medicamentos por parte de <a href=\"https:\/\/sertv.gob.pa\/nacionalfm\/regulan-compra-de-farmacos-en-hospitales-chinos\/\"> [&#8230;]<\/a><\/p>\n","protected":false},"author":1,"featured_media":4328,"comment_status":"closed","ping_status":"closed","sticky":false,"template":"","format":"standard","meta":{"footnotes":""},"categories":[5],"tags":[],"class_list":["post-4327","post","type-post","status-publish","format-standard","has-post-thumbnail","hentry","category-salud"],"_links":{"self":[{"href":"https:\/\/sertv.gob.pa\/nacionalfm\/wp-json\/wp\/v2\/posts\/4327","targetHints":{"allow":["GET"]}}],"collection":[{"href":"https:\/\/sertv.gob.pa\/nacionalfm\/wp-json\/wp\/v2\/posts"}],"about":[{"href":"https:\/\/sertv.gob.pa\/nacionalfm\/wp-json\/wp\/v2\/types\/post"}],"author":[{"embeddable":true,"href":"https:\/\/sertv.gob.pa\/nacionalfm\/wp-json\/wp\/v2\/users\/1"}],"replies":[{"embeddable":true,"href":"https:\/\/sertv.gob.pa\/nacionalfm\/wp-json\/wp\/v2\/comments?post=4327"}],"version-history":[{"count":0,"href":"https:\/\/sertv.gob.pa\/nacionalfm\/wp-json\/wp\/v2\/posts\/4327\/revisions"}],"wp:featuredmedia":[{"embeddable":true,"href":"https:\/\/sertv.gob.pa\/nacionalfm\/wp-json\/wp\/v2\/media\/4328"}],"wp:attachment":[{"href":"https:\/\/sertv.gob.pa\/nacionalfm\/wp-json\/wp\/v2\/media?parent=4327"}],"wp:term":[{"taxonomy":"category","embeddable":true,"href":"https:\/\/sertv.gob.pa\/nacionalfm\/wp-json\/wp\/v2\/categories?post=4327"},{"taxonomy":"post_tag","embeddable":true,"href":"https:\/\/sertv.gob.pa\/nacionalfm\/wp-json\/wp\/v2\/tags?post=4327"}],"curies":[{"name":"wp","href":"https:\/\/api.w.org\/{rel}","templated":true}]}}