{"id":4365,"date":"2015-03-05T18:32:55","date_gmt":"2015-03-05T18:32:55","guid":{"rendered":""},"modified":"2015-03-05T18:32:55","modified_gmt":"2015-03-05T18:32:55","slug":"3-a-5-tazas-de-cafe-podrian-ser-buenas-para-el-corazon","status":"publish","type":"post","link":"https:\/\/sertv.gob.pa\/nacionalfm\/3-a-5-tazas-de-cafe-podrian-ser-buenas-para-el-corazon\/","title":{"rendered":"3 a 5 tazas de caf\u00e9 podr\u00edan ser buenas para el coraz\u00f3n"},"content":{"rendered":"<p>\nUna nueva investigaci\u00f3n por cient\u00edficos en Corea del Sur revel\u00f3 que beber entre tres a cinco tazas de caf\u00e9 al d\u00eda podr\u00eda ayudar a algunas personas a evitar la obstrucci\u00f3n de las arterias, una de las causas de la enfermedad coronaria. <\/p>\n<p>Los cient\u00edficos del Hospital Kangbuk Samsung en Se\u00fal, estudiaron las im\u00e1genes de resonancia de 25.000 personas y hallaron que aquellas que consum\u00edan una cantidad moderada de caf\u00e9 eran menos propensas a desarrollar los dep\u00f3sitos de calcio que son las primeras se\u00f1ales de acumulaci\u00f3n de grasa en los vasos sangu\u00edneos. <\/p>\n<p>Los efectos del consumo del caf\u00e9 en el coraz\u00f3n han sido tema de arduo debate. <\/p>\n<p>Algunas investigaciones se\u00f1alan que la bebida puede producir alta presi\u00f3n arterial. <\/p>\n<p>\u00a0 <\/p>\n","protected":false},"excerpt":{"rendered":"<p>Una nueva investigaci\u00f3n por cient\u00edficos en Corea del Sur revel\u00f3 <a href=\"https:\/\/sertv.gob.pa\/nacionalfm\/3-a-5-tazas-de-cafe-podrian-ser-buenas-para-el-corazon\/\"> [&#8230;]<\/a><\/p>\n","protected":false},"author":1,"featured_media":4366,"comment_status":"closed","ping_status":"closed","sticky":false,"template":"","format":"standard","meta":{"footnotes":""},"categories":[5],"tags":[],"class_list":["post-4365","post","type-post","status-publish","format-standard","has-post-thumbnail","hentry","category-salud"],"_links":{"self":[{"href":"https:\/\/sertv.gob.pa\/nacionalfm\/wp-json\/wp\/v2\/posts\/4365","targetHints":{"allow":["GET"]}}],"collection":[{"href":"https:\/\/sertv.gob.pa\/nacionalfm\/wp-json\/wp\/v2\/posts"}],"about":[{"href":"https:\/\/sertv.gob.pa\/nacionalfm\/wp-json\/wp\/v2\/types\/post"}],"author":[{"embeddable":true,"href":"https:\/\/sertv.gob.pa\/nacionalfm\/wp-json\/wp\/v2\/users\/1"}],"replies":[{"embeddable":true,"href":"https:\/\/sertv.gob.pa\/nacionalfm\/wp-json\/wp\/v2\/comments?post=4365"}],"version-history":[{"count":0,"href":"https:\/\/sertv.gob.pa\/nacionalfm\/wp-json\/wp\/v2\/posts\/4365\/revisions"}],"wp:featuredmedia":[{"embeddable":true,"href":"https:\/\/sertv.gob.pa\/nacionalfm\/wp-json\/wp\/v2\/media\/4366"}],"wp:attachment":[{"href":"https:\/\/sertv.gob.pa\/nacionalfm\/wp-json\/wp\/v2\/media?parent=4365"}],"wp:term":[{"taxonomy":"category","embeddable":true,"href":"https:\/\/sertv.gob.pa\/nacionalfm\/wp-json\/wp\/v2\/categories?post=4365"},{"taxonomy":"post_tag","embeddable":true,"href":"https:\/\/sertv.gob.pa\/nacionalfm\/wp-json\/wp\/v2\/tags?post=4365"}],"curies":[{"name":"wp","href":"https:\/\/api.w.org\/{rel}","templated":true}]}}