{"id":4387,"date":"2015-03-06T16:18:40","date_gmt":"2015-03-06T16:18:40","guid":{"rendered":""},"modified":"2015-03-06T16:18:40","modified_gmt":"2015-03-06T16:18:40","slug":"en-guinea-empezara-a-ensayarse-vacuna-contra-el-ebola","status":"publish","type":"post","link":"https:\/\/sertv.gob.pa\/nacionalfm\/en-guinea-empezara-a-ensayarse-vacuna-contra-el-ebola\/","title":{"rendered":"En Guinea empezar\u00e1 a ensayarse vacuna contra el \u00e9bola"},"content":{"rendered":"<p>\nLa Organizaci\u00f3n Mundial de la Salud (OMS) anunci\u00f3 que Guinea empezar\u00e1 a ensayar el pr\u00f3ximo d\u00eda 7 la eficacia de una vacuna contra el \u00e9bola, en una de las regiones del pa\u00eds m\u00e1s afectadas por la enfermedad, que ha ocasionado m\u00e1s de 9.000 muertos en el mundo. <\/p>\n<p>Esta vacunaci\u00f3n voluntaria constituye la \u00abfase 3\u00bb de los ensayos cl\u00ednicos que se est\u00e1n efectuando ahora con la vacuna VSV-ZEBOV, desarrollada en Canad\u00e1 y cuyas primeras pruebas han sido prometedoras para prevenir la infecci\u00f3n del virus del \u00c9bola. <\/p>\n<p>\u00abSi la vacuna es efectiva, ser\u00e1 la primera herramienta preventiva de la historia contra el \u00e9bola\u00bb, manifest\u00f3 la directora general de la OMS, Margaret Chan, en un comunicado. <\/p>\n<p>La vacunaci\u00f3n con VSV-ZEBOV, cuya patente ha sido adquirida por la farmac\u00e9utica Merck, tendr\u00e1 lugar en una zona de Guinea donde hay una mayor incidencia de la enfermedad. <\/p>\n<p>Otra vacuna experimental, la ChAd-EBO, de la brit\u00e1nica GSK, igualmente ha mostrado resultados prometedores. <\/p>\n<p>\u00a0 <\/p>\n<p>\u00a0 <\/p>\n","protected":false},"excerpt":{"rendered":"<p>La Organizaci\u00f3n Mundial de la Salud (OMS) anunci\u00f3 que Guinea <a href=\"https:\/\/sertv.gob.pa\/nacionalfm\/en-guinea-empezara-a-ensayarse-vacuna-contra-el-ebola\/\"> [&#8230;]<\/a><\/p>\n","protected":false},"author":1,"featured_media":4388,"comment_status":"closed","ping_status":"closed","sticky":false,"template":"","format":"standard","meta":{"footnotes":""},"categories":[5],"tags":[],"class_list":["post-4387","post","type-post","status-publish","format-standard","has-post-thumbnail","hentry","category-salud"],"_links":{"self":[{"href":"https:\/\/sertv.gob.pa\/nacionalfm\/wp-json\/wp\/v2\/posts\/4387","targetHints":{"allow":["GET"]}}],"collection":[{"href":"https:\/\/sertv.gob.pa\/nacionalfm\/wp-json\/wp\/v2\/posts"}],"about":[{"href":"https:\/\/sertv.gob.pa\/nacionalfm\/wp-json\/wp\/v2\/types\/post"}],"author":[{"embeddable":true,"href":"https:\/\/sertv.gob.pa\/nacionalfm\/wp-json\/wp\/v2\/users\/1"}],"replies":[{"embeddable":true,"href":"https:\/\/sertv.gob.pa\/nacionalfm\/wp-json\/wp\/v2\/comments?post=4387"}],"version-history":[{"count":0,"href":"https:\/\/sertv.gob.pa\/nacionalfm\/wp-json\/wp\/v2\/posts\/4387\/revisions"}],"wp:featuredmedia":[{"embeddable":true,"href":"https:\/\/sertv.gob.pa\/nacionalfm\/wp-json\/wp\/v2\/media\/4388"}],"wp:attachment":[{"href":"https:\/\/sertv.gob.pa\/nacionalfm\/wp-json\/wp\/v2\/media?parent=4387"}],"wp:term":[{"taxonomy":"category","embeddable":true,"href":"https:\/\/sertv.gob.pa\/nacionalfm\/wp-json\/wp\/v2\/categories?post=4387"},{"taxonomy":"post_tag","embeddable":true,"href":"https:\/\/sertv.gob.pa\/nacionalfm\/wp-json\/wp\/v2\/tags?post=4387"}],"curies":[{"name":"wp","href":"https:\/\/api.w.org\/{rel}","templated":true}]}}