{"id":4401,"date":"2015-03-07T05:00:00","date_gmt":"2015-03-07T05:00:00","guid":{"rendered":""},"modified":"2015-03-07T05:00:00","modified_gmt":"2015-03-07T05:00:00","slug":"hoy-feria-de-salud-y-de-nutricion","status":"publish","type":"post","link":"https:\/\/sertv.gob.pa\/nacionalfm\/hoy-feria-de-salud-y-de-nutricion\/","title":{"rendered":"Hoy feria de salud y de nutrici\u00f3n"},"content":{"rendered":"<p>\nLa Sociedad de Amigos del Museo Afroantillano de Panam\u00e1 (Samaap) y la fundaci\u00f3n Mara\u00f1on Heritage, con sede en Nueva York (Estados Unidos), invitan a la comunidad a participar\u00a0hoy 7 de marzo en su primera feria de la salud.\u00a0 <\/p>\n<p>La actividad inicia a las 7:30 a.m. y finaliza a las 4:30 p.m. en el patio del Museo Afroantillano, ubicado en calle 21 y la avenida Justo Arosemena del corregimiento de Calidonia.\u00a0 <\/p>\n<p>Ser\u00e1 una actividad familiar que busca promover estilos de vida saludable entre los presentes, destac\u00f3 Ver\u00f3nica Forte, presidenta de Samaap.\u00a0 <\/p>\n<p>La feria cuenta con el aval del Instituto Nacional de Cultura, el Ministerio de Salud y la Universidad Latina, y ofrecer\u00e1 quioscos variados en donde podr\u00e1 verificar su peso, presi\u00f3n arterial y niveles de glucosa.\u00a0 <\/p>\n<p>Igualmente se contar\u00e1 con charlas educativas en temas diversos como, por ejemplo, el envejecimiento y sus atenciones, el manejo del estr\u00e9s, los cuidados de la piel, ejercicios y alimentaci\u00f3n saludable.\u00a0 <\/p>\n<p>Tambi\u00e9n habr\u00e1 ventas de arroz y vegetales del Instituto de Mercadeo Agropecuario, m\u00e1s otros productos org\u00e1nicos. \u00a0 <\/p>\n<p>La entrada al evento es gratis, y est\u00e1 abierto a todo el p\u00fablico. <\/p>\n<p>\u00a0 <\/p>\n","protected":false},"excerpt":{"rendered":"<p>La Sociedad de Amigos del Museo Afroantillano de Panam\u00e1 (Samaap) <a href=\"https:\/\/sertv.gob.pa\/nacionalfm\/hoy-feria-de-salud-y-de-nutricion\/\"> [&#8230;]<\/a><\/p>\n","protected":false},"author":1,"featured_media":4402,"comment_status":"closed","ping_status":"closed","sticky":false,"template":"","format":"standard","meta":{"footnotes":""},"categories":[5],"tags":[],"class_list":["post-4401","post","type-post","status-publish","format-standard","has-post-thumbnail","hentry","category-salud"],"_links":{"self":[{"href":"https:\/\/sertv.gob.pa\/nacionalfm\/wp-json\/wp\/v2\/posts\/4401","targetHints":{"allow":["GET"]}}],"collection":[{"href":"https:\/\/sertv.gob.pa\/nacionalfm\/wp-json\/wp\/v2\/posts"}],"about":[{"href":"https:\/\/sertv.gob.pa\/nacionalfm\/wp-json\/wp\/v2\/types\/post"}],"author":[{"embeddable":true,"href":"https:\/\/sertv.gob.pa\/nacionalfm\/wp-json\/wp\/v2\/users\/1"}],"replies":[{"embeddable":true,"href":"https:\/\/sertv.gob.pa\/nacionalfm\/wp-json\/wp\/v2\/comments?post=4401"}],"version-history":[{"count":0,"href":"https:\/\/sertv.gob.pa\/nacionalfm\/wp-json\/wp\/v2\/posts\/4401\/revisions"}],"wp:featuredmedia":[{"embeddable":true,"href":"https:\/\/sertv.gob.pa\/nacionalfm\/wp-json\/wp\/v2\/media\/4402"}],"wp:attachment":[{"href":"https:\/\/sertv.gob.pa\/nacionalfm\/wp-json\/wp\/v2\/media?parent=4401"}],"wp:term":[{"taxonomy":"category","embeddable":true,"href":"https:\/\/sertv.gob.pa\/nacionalfm\/wp-json\/wp\/v2\/categories?post=4401"},{"taxonomy":"post_tag","embeddable":true,"href":"https:\/\/sertv.gob.pa\/nacionalfm\/wp-json\/wp\/v2\/tags?post=4401"}],"curies":[{"name":"wp","href":"https:\/\/api.w.org\/{rel}","templated":true}]}}