{"id":4431,"date":"2015-03-09T15:43:18","date_gmt":"2015-03-09T15:43:18","guid":{"rendered":""},"modified":"2015-03-09T15:43:18","modified_gmt":"2015-03-09T15:43:18","slug":"minsa-promueve-la-compra-de-medicamentos-para-el-vih-sida","status":"publish","type":"post","link":"https:\/\/sertv.gob.pa\/nacionalfm\/minsa-promueve-la-compra-de-medicamentos-para-el-vih-sida\/","title":{"rendered":"Minsa promueve la compra de medicamentos para el VIH\/sida"},"content":{"rendered":"<p>\nEl Ministerio de Salud (Minsa) labora, junto con la Contralor\u00eda General, en los mecanismos para evitar la falta de medicamentos para el virus de inmunodeficiencia humana (VIH) y s\u00edndrome de inmunodeficiencia adquirida (sida). <\/p>\n<p>El viceministro de Salud, Miguel Mayo, afirm\u00f3 que negocian una sola compra de f\u00e1rmacos, pero con entregas parciales para cubrir todo el a\u00f1o. <\/p>\n<p>La semana pasada se dio a conocer la escasez de medicinas para la triple terapia en el Minsa y en la Caja de Seguro Social. <\/p>\n<p>\u00a0 <\/p>\n","protected":false},"excerpt":{"rendered":"<p>El Ministerio de Salud (Minsa) labora, junto con la Contralor\u00eda <a href=\"https:\/\/sertv.gob.pa\/nacionalfm\/minsa-promueve-la-compra-de-medicamentos-para-el-vih-sida\/\"> [&#8230;]<\/a><\/p>\n","protected":false},"author":1,"featured_media":4432,"comment_status":"closed","ping_status":"closed","sticky":false,"template":"","format":"standard","meta":{"footnotes":""},"categories":[5],"tags":[],"class_list":["post-4431","post","type-post","status-publish","format-standard","has-post-thumbnail","hentry","category-salud"],"_links":{"self":[{"href":"https:\/\/sertv.gob.pa\/nacionalfm\/wp-json\/wp\/v2\/posts\/4431","targetHints":{"allow":["GET"]}}],"collection":[{"href":"https:\/\/sertv.gob.pa\/nacionalfm\/wp-json\/wp\/v2\/posts"}],"about":[{"href":"https:\/\/sertv.gob.pa\/nacionalfm\/wp-json\/wp\/v2\/types\/post"}],"author":[{"embeddable":true,"href":"https:\/\/sertv.gob.pa\/nacionalfm\/wp-json\/wp\/v2\/users\/1"}],"replies":[{"embeddable":true,"href":"https:\/\/sertv.gob.pa\/nacionalfm\/wp-json\/wp\/v2\/comments?post=4431"}],"version-history":[{"count":0,"href":"https:\/\/sertv.gob.pa\/nacionalfm\/wp-json\/wp\/v2\/posts\/4431\/revisions"}],"wp:featuredmedia":[{"embeddable":true,"href":"https:\/\/sertv.gob.pa\/nacionalfm\/wp-json\/wp\/v2\/media\/4432"}],"wp:attachment":[{"href":"https:\/\/sertv.gob.pa\/nacionalfm\/wp-json\/wp\/v2\/media?parent=4431"}],"wp:term":[{"taxonomy":"category","embeddable":true,"href":"https:\/\/sertv.gob.pa\/nacionalfm\/wp-json\/wp\/v2\/categories?post=4431"},{"taxonomy":"post_tag","embeddable":true,"href":"https:\/\/sertv.gob.pa\/nacionalfm\/wp-json\/wp\/v2\/tags?post=4431"}],"curies":[{"name":"wp","href":"https:\/\/api.w.org\/{rel}","templated":true}]}}