{"id":4433,"date":"2015-03-09T15:52:04","date_gmt":"2015-03-09T15:52:04","guid":{"rendered":""},"modified":"2015-03-09T15:52:04","modified_gmt":"2015-03-09T15:52:04","slug":"250-trabajadores-de-minera-panama-se-intoxican","status":"publish","type":"post","link":"https:\/\/sertv.gob.pa\/nacionalfm\/250-trabajadores-de-minera-panama-se-intoxican\/","title":{"rendered":"250 trabajadores de Minera Panam\u00e1 se intoxican"},"content":{"rendered":"<p>\nUnos 250 trabajadores de la compa\u00f1\u00eda \u00a0Minera Panam\u00e1 resultaron intoxicados, luego de ingerir alimentos este fin de semana, mientras laboraban en un campamento del \u00e1rea de concesi\u00f3n de la mina de cobre en Donoso, Col\u00f3n. Casi todos los obreros del campamento fueron afectados por diarreas y v\u00f3mitos. <\/p>\n<p>En la ma\u00f1ana del domingo microbuses y buses de 60 pasajeros trasladaron a los enfermos desde el campamento de Stracom TMF, a la cl\u00ednica de la empresa, donde fueron atendidos. <\/p>\n<p>Los afectados sospechan que la comida que ingirieron el s\u00e1bado fue la causante de la emergencia, pues la carne, al parecer, estaba en mal estado y as\u00ed se la dieron a comer, lo que les provoc\u00f3 los malestares estomacales. La comida, se\u00f1alaron, la provee una empresa contratada para esos menesteres. <\/p>\n<p>Los trabajadores solicitaron al Ministerio de Salud (Minsa) efectuar una inspecci\u00f3n a la zona para verificar el estado de las cocinas y los comedores, pues temen que no se est\u00e9n refrigerando adecuadamente los alimentos y se descompongan en detrimento de su salud. <\/p>\n<p>Maricarmen Ja\u00e9n, directora regional del Minsa, indic\u00f3 que inicialmente se hablaba de 500 afectados, pero que \u00fanicamente 120 fueron trasladados al centro hospitalario de Coclesito, y a los centros materno infantil de Ant\u00f3n y La Pintada para su atenci\u00f3n. <\/p>\n<p>A\u00f1adi\u00f3 que la entidad comenzar\u00e1 las investigaciones para determinar las verdaderas causas del hecho. <\/p>\n","protected":false},"excerpt":{"rendered":"<p>Unos 250 trabajadores de la compa\u00f1\u00eda \u00a0Minera Panam\u00e1 resultaron intoxicados, <a href=\"https:\/\/sertv.gob.pa\/nacionalfm\/250-trabajadores-de-minera-panama-se-intoxican\/\"> [&#8230;]<\/a><\/p>\n","protected":false},"author":1,"featured_media":4434,"comment_status":"closed","ping_status":"closed","sticky":false,"template":"","format":"standard","meta":{"footnotes":""},"categories":[5],"tags":[],"class_list":["post-4433","post","type-post","status-publish","format-standard","has-post-thumbnail","hentry","category-salud"],"_links":{"self":[{"href":"https:\/\/sertv.gob.pa\/nacionalfm\/wp-json\/wp\/v2\/posts\/4433","targetHints":{"allow":["GET"]}}],"collection":[{"href":"https:\/\/sertv.gob.pa\/nacionalfm\/wp-json\/wp\/v2\/posts"}],"about":[{"href":"https:\/\/sertv.gob.pa\/nacionalfm\/wp-json\/wp\/v2\/types\/post"}],"author":[{"embeddable":true,"href":"https:\/\/sertv.gob.pa\/nacionalfm\/wp-json\/wp\/v2\/users\/1"}],"replies":[{"embeddable":true,"href":"https:\/\/sertv.gob.pa\/nacionalfm\/wp-json\/wp\/v2\/comments?post=4433"}],"version-history":[{"count":0,"href":"https:\/\/sertv.gob.pa\/nacionalfm\/wp-json\/wp\/v2\/posts\/4433\/revisions"}],"wp:featuredmedia":[{"embeddable":true,"href":"https:\/\/sertv.gob.pa\/nacionalfm\/wp-json\/wp\/v2\/media\/4434"}],"wp:attachment":[{"href":"https:\/\/sertv.gob.pa\/nacionalfm\/wp-json\/wp\/v2\/media?parent=4433"}],"wp:term":[{"taxonomy":"category","embeddable":true,"href":"https:\/\/sertv.gob.pa\/nacionalfm\/wp-json\/wp\/v2\/categories?post=4433"},{"taxonomy":"post_tag","embeddable":true,"href":"https:\/\/sertv.gob.pa\/nacionalfm\/wp-json\/wp\/v2\/tags?post=4433"}],"curies":[{"name":"wp","href":"https:\/\/api.w.org\/{rel}","templated":true}]}}