{"id":4435,"date":"2015-03-09T16:23:28","date_gmt":"2015-03-09T16:23:28","guid":{"rendered":""},"modified":"2015-03-09T16:23:28","modified_gmt":"2015-03-09T16:23:28","slug":"por-heces-de-perro-ninos-pierden-la-vista","status":"publish","type":"post","link":"https:\/\/sertv.gob.pa\/nacionalfm\/por-heces-de-perro-ninos-pierden-la-vista\/","title":{"rendered":"Por heces de perro ni\u00f1os pierden la vista"},"content":{"rendered":"<p>\nAnualmente unos 7 ni\u00f1os pierden la vista de un ojo debido a los par\u00e1sitos en las heces de los perros que se hallan en las \u00e1reas recreativas y parques de Costa Rica, inform\u00f3 una fuente local. <\/p>\n<p>Un estudio efectuado por la escuela de Medicina Veterinaria (EMV) de la Universidad Nacional (UNA) entre el 2013 y el 2015 revel\u00f3 que un 84% de las heces recolectadas tiene par\u00e1sitos zoon\u00f3ticos que se transmiten a las personas, provocando enfermedades como problemas digestivos, cut\u00e1neos, nerviosos y oculares. <\/p>\n<p>&lsquo;La presencia de perros callejeros y con due\u00f1o en parque representan un recurso de contaminaci\u00f3n, provocando problemas ambientales y de salud p\u00fablica. Las personas deben entender que tener mi perro saludable no significa que est\u00e9 exento de par\u00e1sitos&rsquo;, dijo en conferencia de prensa la investigadora de la EMV, Ana Jim\u00e9nez. <\/p>\n<p>La experta recalc\u00f3 que los par\u00e1sitos pueden &lsquo;sobrevivir por mucho tiempo en el suelo y son muy resistentes&rsquo;, por lo tanto, si el perro defeca y el due\u00f1o no recoge las heces se contamina el ambiente y en el invierno se agrava la situaci\u00f3n. <\/p>\n<p>Para Jim\u00e9nez el elevado porcentaje de par\u00e1sitos encontrados pone en evidencia que existen fallas importantes en las medidas preventivas de estas infecciones. <\/p>\n<p>El m\u00e9dico oftalm\u00f3logo del estatal Hospital Nacional de Ni\u00f1os, Joaqu\u00edn Mart\u00ednez, afirm\u00f3 que cuando los ni\u00f1os est\u00e1n en el parque muchas veces se sientan en el suelo, juegan con la tierra y se llevan las manos a la boca, provocando el ingreso del par\u00e1sito al organismo. <\/p>\n<p>Datos brindados por Mart\u00ednez se\u00f1alan que el Hospital recibe unos siete ni\u00f1os al a\u00f1o afectados por estos par\u00e1sitos y que en un 93% de los casos han sufrido la p\u00e9rdida total de la vista en un ojo. <\/p>\n<p>\u00a0 <\/p>\n","protected":false},"excerpt":{"rendered":"<p>Anualmente unos 7 ni\u00f1os pierden la vista de un ojo <a href=\"https:\/\/sertv.gob.pa\/nacionalfm\/por-heces-de-perro-ninos-pierden-la-vista\/\"> [&#8230;]<\/a><\/p>\n","protected":false},"author":1,"featured_media":4436,"comment_status":"closed","ping_status":"closed","sticky":false,"template":"","format":"standard","meta":{"footnotes":""},"categories":[5],"tags":[],"class_list":["post-4435","post","type-post","status-publish","format-standard","has-post-thumbnail","hentry","category-salud"],"_links":{"self":[{"href":"https:\/\/sertv.gob.pa\/nacionalfm\/wp-json\/wp\/v2\/posts\/4435","targetHints":{"allow":["GET"]}}],"collection":[{"href":"https:\/\/sertv.gob.pa\/nacionalfm\/wp-json\/wp\/v2\/posts"}],"about":[{"href":"https:\/\/sertv.gob.pa\/nacionalfm\/wp-json\/wp\/v2\/types\/post"}],"author":[{"embeddable":true,"href":"https:\/\/sertv.gob.pa\/nacionalfm\/wp-json\/wp\/v2\/users\/1"}],"replies":[{"embeddable":true,"href":"https:\/\/sertv.gob.pa\/nacionalfm\/wp-json\/wp\/v2\/comments?post=4435"}],"version-history":[{"count":0,"href":"https:\/\/sertv.gob.pa\/nacionalfm\/wp-json\/wp\/v2\/posts\/4435\/revisions"}],"wp:featuredmedia":[{"embeddable":true,"href":"https:\/\/sertv.gob.pa\/nacionalfm\/wp-json\/wp\/v2\/media\/4436"}],"wp:attachment":[{"href":"https:\/\/sertv.gob.pa\/nacionalfm\/wp-json\/wp\/v2\/media?parent=4435"}],"wp:term":[{"taxonomy":"category","embeddable":true,"href":"https:\/\/sertv.gob.pa\/nacionalfm\/wp-json\/wp\/v2\/categories?post=4435"},{"taxonomy":"post_tag","embeddable":true,"href":"https:\/\/sertv.gob.pa\/nacionalfm\/wp-json\/wp\/v2\/tags?post=4435"}],"curies":[{"name":"wp","href":"https:\/\/api.w.org\/{rel}","templated":true}]}}