{"id":4437,"date":"2015-03-09T19:40:01","date_gmt":"2015-03-09T19:40:01","guid":{"rendered":""},"modified":"2015-03-09T19:40:01","modified_gmt":"2015-03-09T19:40:01","slug":"minsa-advierte-sobre-efectos-secundarios-del-bupropion","status":"publish","type":"post","link":"https:\/\/sertv.gob.pa\/nacionalfm\/minsa-advierte-sobre-efectos-secundarios-del-bupropion\/","title":{"rendered":"Minsa advierte sobre efectos secundarios del Bupropion"},"content":{"rendered":"<p>\nEl Centro Nacional de F\u00e1rmaco Vigilancia del Ministerio de Salud (Minsa) advirti\u00f3 sobre los efectos negativos cardiovasculares por el uso del medicamento Bupropion, el cual se vende en Panam\u00e1. <\/p>\n<p>El uso de Bupropion, que se receta como antidepresivo,\u00a0 est\u00e1 relacionado con el incremento de la presi\u00f3n arterial en pacientes hipertensos e igualmente sin antecedentes de hipertensi\u00f3n. <\/p>\n<p>La alerta emitida por el Minsa se basa en un informe de la Administraci\u00f3n de Productos Terap\u00e9uticos de Australia (TGA por sus siglas en ingl\u00e9s) que se\u00f1ala sobre eventos cardiovasculares graves tras el uso de Bupropion. <\/p>\n<p>En Panam\u00e1 se comercializan dos productos con registro sanitario cuyo principio activo es el Bupropion, por lo que las autoridades lanzaron la advertencia a los operadores de salud, sobre los riesgos asociados al consumo del producto. <\/p>\n<p>Se han reportado infartos al miocardio, accidentes cerebrovasculares e isquemia transitoria, vinculada al uso del medicamento. <\/p>\n<p>\u00a0 <\/p>\n","protected":false},"excerpt":{"rendered":"<p>El Centro Nacional de F\u00e1rmaco Vigilancia del Ministerio de Salud <a href=\"https:\/\/sertv.gob.pa\/nacionalfm\/minsa-advierte-sobre-efectos-secundarios-del-bupropion\/\"> [&#8230;]<\/a><\/p>\n","protected":false},"author":1,"featured_media":4438,"comment_status":"closed","ping_status":"closed","sticky":false,"template":"","format":"standard","meta":{"footnotes":""},"categories":[5],"tags":[],"class_list":["post-4437","post","type-post","status-publish","format-standard","has-post-thumbnail","hentry","category-salud"],"_links":{"self":[{"href":"https:\/\/sertv.gob.pa\/nacionalfm\/wp-json\/wp\/v2\/posts\/4437","targetHints":{"allow":["GET"]}}],"collection":[{"href":"https:\/\/sertv.gob.pa\/nacionalfm\/wp-json\/wp\/v2\/posts"}],"about":[{"href":"https:\/\/sertv.gob.pa\/nacionalfm\/wp-json\/wp\/v2\/types\/post"}],"author":[{"embeddable":true,"href":"https:\/\/sertv.gob.pa\/nacionalfm\/wp-json\/wp\/v2\/users\/1"}],"replies":[{"embeddable":true,"href":"https:\/\/sertv.gob.pa\/nacionalfm\/wp-json\/wp\/v2\/comments?post=4437"}],"version-history":[{"count":0,"href":"https:\/\/sertv.gob.pa\/nacionalfm\/wp-json\/wp\/v2\/posts\/4437\/revisions"}],"wp:featuredmedia":[{"embeddable":true,"href":"https:\/\/sertv.gob.pa\/nacionalfm\/wp-json\/wp\/v2\/media\/4438"}],"wp:attachment":[{"href":"https:\/\/sertv.gob.pa\/nacionalfm\/wp-json\/wp\/v2\/media?parent=4437"}],"wp:term":[{"taxonomy":"category","embeddable":true,"href":"https:\/\/sertv.gob.pa\/nacionalfm\/wp-json\/wp\/v2\/categories?post=4437"},{"taxonomy":"post_tag","embeddable":true,"href":"https:\/\/sertv.gob.pa\/nacionalfm\/wp-json\/wp\/v2\/tags?post=4437"}],"curies":[{"name":"wp","href":"https:\/\/api.w.org\/{rel}","templated":true}]}}