{"id":445,"date":"2014-07-22T05:00:00","date_gmt":"2014-07-22T05:00:00","guid":{"rendered":""},"modified":"2014-07-22T05:00:00","modified_gmt":"2014-07-22T05:00:00","slug":"el-mal-aliento-es-por-la-lengua","status":"publish","type":"post","link":"https:\/\/sertv.gob.pa\/nacionalfm\/el-mal-aliento-es-por-la-lengua\/","title":{"rendered":"El mal aliento es por la lengua"},"content":{"rendered":"<p>\n Especialistas se\u00f1alan que la mayor\u00eda de los casos de mal aliento est\u00e1n relacionados con la mala higiene bucal y en espec\u00edfico de la lengua , aunque existen otros factores como el c\u00e1ncer pulmonar, la diabetes, la gastritis, entre otros. <\/p>\n<p>Las peque\u00f1as grietas entre las papilas gustativas que se hallan en la lengua, son el espacio para la acumulaci\u00f3n de los restos de comida los cuales con un cepillado incorrecto permanecen ah\u00ed provocando el mal olor. Cabe destacar que el problema se acent\u00faa en personas que tienen los h\u00e1bitos de fumar y beber. <\/p>\n<p>La correcta higiene bucal adem\u00e1s del cuidado de los dientes debe incluir una constante limpieza de la lengua, ya que en su superficie pueden crecer c\u00famulos bacterianos que forman una capa blanca o amarillenta conocida como saburra, la cual es causa de la halitosis, que provoca el mal aliento. <\/p>\n<p> La utilizaci\u00f3n de enjuague bucal e hilo dental es recomendada por los estomat\u00f3logos. \u00a0 @nacionalFm <\/p>\n<p>\u00a0 <\/p>\n","protected":false},"excerpt":{"rendered":"<p>Especialistas se\u00f1alan que la mayor\u00eda de los casos de mal <a href=\"https:\/\/sertv.gob.pa\/nacionalfm\/el-mal-aliento-es-por-la-lengua\/\"> [&#8230;]<\/a><\/p>\n","protected":false},"author":1,"featured_media":446,"comment_status":"closed","ping_status":"closed","sticky":false,"template":"","format":"standard","meta":{"footnotes":""},"categories":[5],"tags":[],"class_list":["post-445","post","type-post","status-publish","format-standard","has-post-thumbnail","hentry","category-salud"],"_links":{"self":[{"href":"https:\/\/sertv.gob.pa\/nacionalfm\/wp-json\/wp\/v2\/posts\/445","targetHints":{"allow":["GET"]}}],"collection":[{"href":"https:\/\/sertv.gob.pa\/nacionalfm\/wp-json\/wp\/v2\/posts"}],"about":[{"href":"https:\/\/sertv.gob.pa\/nacionalfm\/wp-json\/wp\/v2\/types\/post"}],"author":[{"embeddable":true,"href":"https:\/\/sertv.gob.pa\/nacionalfm\/wp-json\/wp\/v2\/users\/1"}],"replies":[{"embeddable":true,"href":"https:\/\/sertv.gob.pa\/nacionalfm\/wp-json\/wp\/v2\/comments?post=445"}],"version-history":[{"count":0,"href":"https:\/\/sertv.gob.pa\/nacionalfm\/wp-json\/wp\/v2\/posts\/445\/revisions"}],"wp:featuredmedia":[{"embeddable":true,"href":"https:\/\/sertv.gob.pa\/nacionalfm\/wp-json\/wp\/v2\/media\/446"}],"wp:attachment":[{"href":"https:\/\/sertv.gob.pa\/nacionalfm\/wp-json\/wp\/v2\/media?parent=445"}],"wp:term":[{"taxonomy":"category","embeddable":true,"href":"https:\/\/sertv.gob.pa\/nacionalfm\/wp-json\/wp\/v2\/categories?post=445"},{"taxonomy":"post_tag","embeddable":true,"href":"https:\/\/sertv.gob.pa\/nacionalfm\/wp-json\/wp\/v2\/tags?post=445"}],"curies":[{"name":"wp","href":"https:\/\/api.w.org\/{rel}","templated":true}]}}