{"id":4459,"date":"2015-03-10T19:10:12","date_gmt":"2015-03-10T19:10:12","guid":{"rendered":""},"modified":"2015-03-10T19:10:12","modified_gmt":"2015-03-10T19:10:12","slug":"en-bocas-del-toro-realizaran-censo-de-salud","status":"publish","type":"post","link":"https:\/\/sertv.gob.pa\/nacionalfm\/en-bocas-del-toro-realizaran-censo-de-salud\/","title":{"rendered":"En Bocas del Toro realizar\u00e1n censo de salud"},"content":{"rendered":"<p>\nDel 10 al 12 de marzo de 2015 el Gobierno se llevar\u00e1 a cabo el Censo Nacional de Salud Preventiva en la comunidad de Finca 30 en el distrito de Changuinola, provincia de Bocas del Toro. <\/p>\n<p>Ese censo tiene el prop\u00f3sito de buscar a los paname\u00f1os que sufren de enfermedades como: hipertensi\u00f3n arterial (presi\u00f3n alta); diabetes; dislipidemia (alta concentraci\u00f3n de grasas en la sangre) para as\u00ed empezar su tratamiento e inclusi\u00f3n en los programas de salud de manera gratuita. <\/p>\n<p>Se espera efectuar pruebas de laboratorios a m\u00e1s de 6 mil pacientes durante los 3 d\u00edas de actividad. <\/p>\n<p>En este programa participan diferentes especialistas y t\u00e9cnicos del Ministerio de Salud (MINSA), la Caja de Seguro Social (CSS) y el Ministerio de Desarrollo Social (MIDES). <\/p>\n<p>\u00a0 <\/p>\n","protected":false},"excerpt":{"rendered":"<p>Del 10 al 12 de marzo de 2015 el Gobierno <a href=\"https:\/\/sertv.gob.pa\/nacionalfm\/en-bocas-del-toro-realizaran-censo-de-salud\/\"> [&#8230;]<\/a><\/p>\n","protected":false},"author":1,"featured_media":4460,"comment_status":"closed","ping_status":"closed","sticky":false,"template":"","format":"standard","meta":{"footnotes":""},"categories":[5],"tags":[],"class_list":["post-4459","post","type-post","status-publish","format-standard","has-post-thumbnail","hentry","category-salud"],"_links":{"self":[{"href":"https:\/\/sertv.gob.pa\/nacionalfm\/wp-json\/wp\/v2\/posts\/4459","targetHints":{"allow":["GET"]}}],"collection":[{"href":"https:\/\/sertv.gob.pa\/nacionalfm\/wp-json\/wp\/v2\/posts"}],"about":[{"href":"https:\/\/sertv.gob.pa\/nacionalfm\/wp-json\/wp\/v2\/types\/post"}],"author":[{"embeddable":true,"href":"https:\/\/sertv.gob.pa\/nacionalfm\/wp-json\/wp\/v2\/users\/1"}],"replies":[{"embeddable":true,"href":"https:\/\/sertv.gob.pa\/nacionalfm\/wp-json\/wp\/v2\/comments?post=4459"}],"version-history":[{"count":0,"href":"https:\/\/sertv.gob.pa\/nacionalfm\/wp-json\/wp\/v2\/posts\/4459\/revisions"}],"wp:featuredmedia":[{"embeddable":true,"href":"https:\/\/sertv.gob.pa\/nacionalfm\/wp-json\/wp\/v2\/media\/4460"}],"wp:attachment":[{"href":"https:\/\/sertv.gob.pa\/nacionalfm\/wp-json\/wp\/v2\/media?parent=4459"}],"wp:term":[{"taxonomy":"category","embeddable":true,"href":"https:\/\/sertv.gob.pa\/nacionalfm\/wp-json\/wp\/v2\/categories?post=4459"},{"taxonomy":"post_tag","embeddable":true,"href":"https:\/\/sertv.gob.pa\/nacionalfm\/wp-json\/wp\/v2\/tags?post=4459"}],"curies":[{"name":"wp","href":"https:\/\/api.w.org\/{rel}","templated":true}]}}