{"id":44763,"date":"2019-10-07T14:53:01","date_gmt":"2019-10-07T14:53:01","guid":{"rendered":"https:\/\/sertv.gob.pa\/nacionalfm\/?p=44763"},"modified":"2019-10-07T14:53:01","modified_gmt":"2019-10-07T14:53:01","slug":"ministra-de-educacion-maruja-gorday-de-villalobos-destaco-la-ensenanza-panamena-en-foro-regional-de-la-unesco","status":"publish","type":"post","link":"https:\/\/sertv.gob.pa\/nacionalfm\/ministra-de-educacion-maruja-gorday-de-villalobos-destaco-la-ensenanza-panamena-en-foro-regional-de-la-unesco\/","title":{"rendered":"Ministra de Educaci\u00f3n, Maruja Gorday de Villalobos, destac\u00f3 la ense\u00f1anza paname\u00f1a en Foro Regional de la UNESCO"},"content":{"rendered":"<div class=\"fusion-fullwidth fullwidth-box fusion-builder-row-1 nonhundred-percent-fullwidth non-hundred-percent-height-scrolling\" style=\"--awb-border-radius-top-left:0px;--awb-border-radius-top-right:0px;--awb-border-radius-bottom-right:0px;--awb-border-radius-bottom-left:0px;--awb-flex-wrap:wrap;\" ><div class=\"fusion-builder-row fusion-row\"><div class=\"fusion-layout-column fusion_builder_column fusion-builder-column-0 fusion_builder_column_1_1 1_1 fusion-one-full fusion-column-first fusion-column-last\" style=\"--awb-bg-size:cover;\"><div class=\"fusion-column-wrapper fusion-column-has-shadow fusion-flex-column-wrapper-legacy\"><div class=\"fusion-text fusion-text-1\"><p>Durante el <strong><em>Primer Foro Regional de Aliados de la Unesco<\/em><\/strong> <strong><em>para Latinoam\u00e9rica y el Caribe, que se realiz\u00f3 en Panam\u00e1 <\/em><\/strong>los d\u00edas 3 y 4 de octubre, la ministra de Educaci\u00f3n, Maruja Gorday de Villalobos, exterioriz\u00f3, que el espacio de discusi\u00f3n, di\u00e1logo e intercambio de ideas, exalta el compromiso regional, adquirido en el 2015 por los Estados miembros de la organizaci\u00f3n.<\/p>\n<p>\u201cEstos encuentros nos comprometen a promover oportunidades de aprendizaje de calidad, inclusi\u00f3n, equidad y ense\u00f1anza a lo largo de toda la vida, con una visi\u00f3n transformadora, renovada e integral, reafirmando que la educaci\u00f3n es un bien p\u00fablico inspirado en una concepci\u00f3n humanista, basada en la diversidad cultural, ling\u00fc\u00edstica y \u00e9tnica\u201d, enfatiz\u00f3 la jefa de la cartera educativa.<\/p>\n<p>En su mediaci\u00f3n, la ministra afirm\u00f3 que el Gobierno Nacional, centra su agenda en la definici\u00f3n de acciones sustantivas que impacten a la educaci\u00f3n, la cual se ha definido como \u2018La Estrella\u2019 del Gobierno. Una educaci\u00f3n con oportunidades de aprendizajes fortalecida y moderna, conforme a las necesidades del mundo actual.<\/p>\n<p>Gorday de Villalobos, cerr\u00f3 su intervenci\u00f3n, aseverando que Panam\u00e1, adem\u00e1s de ser el espacio de di\u00e1logo para el intercambio de ideas, busca a trav\u00e9s de este foro la oportunidad que la cooperaci\u00f3n internacional ofrece para dar una respuesta solidaria a los desaf\u00edos del mundo actual en las esferas de la educaci\u00f3n, la ciencia, el deporte, el medio ambiente, entre otros aspectos.<\/p>\n<p>Algunos de los temas tratados en este Foro Regional fueron: El panel alianzas estrat\u00e9gicas en el marco de la agenda 2020-2030 para el desarrollo sostenible; la conferencia Responsabilidad social corporativa y filantrop\u00eda en Am\u00e9rica Latina y el Caribe; Cultura y creatividad para el desarrollo sostenible; Acci\u00f3n clim\u00e1tica y promoci\u00f3n socioambiental; Alianzas para una mayor inclusi\u00f3n, equidad y calidad: educaci\u00f3n para transformar la regi\u00f3n, entre otros t\u00f3picos de gran relevancia para los pa\u00edses miembros de la UNESCO.<\/p>\n<\/div><div class=\"awb-gallery-wrapper awb-gallery-wrapper-1 button-span-no\"><div style=\"margin:-5px;--awb-bordersize:0px;\" class=\"fusion-gallery fusion-gallery-container fusion-grid-3 fusion-columns-total-3 fusion-gallery-layout-grid fusion-gallery-1\"><div style=\"padding:5px;\" class=\"fusion-grid-column fusion-gallery-column fusion-gallery-column-3 hover-type-none\"><div class=\"fusion-gallery-image\"><a href=\"https:\/\/sertv.gob.pa\/nacionalfm\/wp-content\/uploads\/sites\/6\/2019\/10\/MEDUCA-UNESCO-1.jpg\" rel=\"noreferrer\" data-rel=\"iLightbox[gallery_image_1]\" class=\"fusion-lightbox\" target=\"_self\"><img decoding=\"async\" src=\"https:\/\/sertv.gob.pa\/nacionalfm\/wp-content\/uploads\/sites\/6\/2019\/10\/MEDUCA-UNESCO-1.jpg\" width=\"600\" height=\"400\" alt=\"\" title=\"MEDUCA UNESCO 1\" aria-label=\"MEDUCA UNESCO 1\" class=\"img-responsive wp-image-44765\" srcset=\"https:\/\/sertv.gob.pa\/nacionalfm\/wp-content\/uploads\/sites\/6\/2019\/10\/MEDUCA-UNESCO-1-200x133.jpg 200w, https:\/\/sertv.gob.pa\/nacionalfm\/wp-content\/uploads\/sites\/6\/2019\/10\/MEDUCA-UNESCO-1-400x267.jpg 400w, https:\/\/sertv.gob.pa\/nacionalfm\/wp-content\/uploads\/sites\/6\/2019\/10\/MEDUCA-UNESCO-1.jpg 600w\" sizes=\"(min-width: 2200px) 100vw, (min-width: 784px) 363px, (min-width: 712px) 545px, (min-width: 640px) 712px, \" \/><\/a><\/div><\/div><div style=\"padding:5px;\" class=\"fusion-grid-column fusion-gallery-column fusion-gallery-column-3 hover-type-none\"><div class=\"fusion-gallery-image\"><a href=\"https:\/\/sertv.gob.pa\/nacionalfm\/wp-content\/uploads\/sites\/6\/2019\/10\/MEDUCA-UNESCO-2.jpg\" rel=\"noreferrer\" data-rel=\"iLightbox[gallery_image_1]\" class=\"fusion-lightbox\" target=\"_self\"><img decoding=\"async\" src=\"https:\/\/sertv.gob.pa\/nacionalfm\/wp-content\/uploads\/sites\/6\/2019\/10\/MEDUCA-UNESCO-2.jpg\" width=\"600\" height=\"433\" alt=\"\" title=\"MEDUCA UNESCO 2\" aria-label=\"MEDUCA UNESCO 2\" class=\"img-responsive wp-image-44766\" srcset=\"https:\/\/sertv.gob.pa\/nacionalfm\/wp-content\/uploads\/sites\/6\/2019\/10\/MEDUCA-UNESCO-2-200x144.jpg 200w, https:\/\/sertv.gob.pa\/nacionalfm\/wp-content\/uploads\/sites\/6\/2019\/10\/MEDUCA-UNESCO-2-400x289.jpg 400w, https:\/\/sertv.gob.pa\/nacionalfm\/wp-content\/uploads\/sites\/6\/2019\/10\/MEDUCA-UNESCO-2.jpg 600w\" sizes=\"(min-width: 2200px) 100vw, (min-width: 784px) 363px, (min-width: 712px) 545px, (min-width: 640px) 712px, \" \/><\/a><\/div><\/div><div style=\"padding:5px;\" class=\"fusion-grid-column fusion-gallery-column fusion-gallery-column-3 hover-type-none\"><div class=\"fusion-gallery-image\"><a href=\"https:\/\/sertv.gob.pa\/nacionalfm\/wp-content\/uploads\/sites\/6\/2019\/10\/MEDUCA-UNESCO-3.jpg\" rel=\"noreferrer\" data-rel=\"iLightbox[gallery_image_1]\" class=\"fusion-lightbox\" target=\"_self\"><img decoding=\"async\" src=\"https:\/\/sertv.gob.pa\/nacionalfm\/wp-content\/uploads\/sites\/6\/2019\/10\/MEDUCA-UNESCO-3.jpg\" width=\"600\" height=\"400\" alt=\"\" title=\"MEDUCA UNESCO 3\" aria-label=\"MEDUCA UNESCO 3\" class=\"img-responsive wp-image-44767\" srcset=\"https:\/\/sertv.gob.pa\/nacionalfm\/wp-content\/uploads\/sites\/6\/2019\/10\/MEDUCA-UNESCO-3-200x133.jpg 200w, https:\/\/sertv.gob.pa\/nacionalfm\/wp-content\/uploads\/sites\/6\/2019\/10\/MEDUCA-UNESCO-3-400x267.jpg 400w, https:\/\/sertv.gob.pa\/nacionalfm\/wp-content\/uploads\/sites\/6\/2019\/10\/MEDUCA-UNESCO-3.jpg 600w\" sizes=\"(min-width: 2200px) 100vw, (min-width: 784px) 363px, (min-width: 712px) 545px, (min-width: 640px) 712px, \" \/><\/a><\/div><\/div><div class=\"clearfix\"><\/div><\/div><\/div><div class=\"fusion-clearfix\"><\/div><\/div><\/div><\/div><\/div>\n","protected":false},"excerpt":{"rendered":"","protected":false},"author":9,"featured_media":44764,"comment_status":"closed","ping_status":"closed","sticky":false,"template":"","format":"standard","meta":{"footnotes":""},"categories":[2],"tags":[],"class_list":["post-44763","post","type-post","status-publish","format-standard","has-post-thumbnail","hentry","category-nacionales"],"_links":{"self":[{"href":"https:\/\/sertv.gob.pa\/nacionalfm\/wp-json\/wp\/v2\/posts\/44763","targetHints":{"allow":["GET"]}}],"collection":[{"href":"https:\/\/sertv.gob.pa\/nacionalfm\/wp-json\/wp\/v2\/posts"}],"about":[{"href":"https:\/\/sertv.gob.pa\/nacionalfm\/wp-json\/wp\/v2\/types\/post"}],"author":[{"embeddable":true,"href":"https:\/\/sertv.gob.pa\/nacionalfm\/wp-json\/wp\/v2\/users\/9"}],"replies":[{"embeddable":true,"href":"https:\/\/sertv.gob.pa\/nacionalfm\/wp-json\/wp\/v2\/comments?post=44763"}],"version-history":[{"count":1,"href":"https:\/\/sertv.gob.pa\/nacionalfm\/wp-json\/wp\/v2\/posts\/44763\/revisions"}],"predecessor-version":[{"id":44768,"href":"https:\/\/sertv.gob.pa\/nacionalfm\/wp-json\/wp\/v2\/posts\/44763\/revisions\/44768"}],"wp:featuredmedia":[{"embeddable":true,"href":"https:\/\/sertv.gob.pa\/nacionalfm\/wp-json\/wp\/v2\/media\/44764"}],"wp:attachment":[{"href":"https:\/\/sertv.gob.pa\/nacionalfm\/wp-json\/wp\/v2\/media?parent=44763"}],"wp:term":[{"taxonomy":"category","embeddable":true,"href":"https:\/\/sertv.gob.pa\/nacionalfm\/wp-json\/wp\/v2\/categories?post=44763"},{"taxonomy":"post_tag","embeddable":true,"href":"https:\/\/sertv.gob.pa\/nacionalfm\/wp-json\/wp\/v2\/tags?post=44763"}],"curies":[{"name":"wp","href":"https:\/\/api.w.org\/{rel}","templated":true}]}}