{"id":4477,"date":"2015-03-11T15:09:36","date_gmt":"2015-03-11T15:09:36","guid":{"rendered":""},"modified":"2015-03-11T15:09:36","modified_gmt":"2015-03-11T15:09:36","slug":"no-existe-ningun-peligro-en-consumir-manzanas-en-panama","status":"publish","type":"post","link":"https:\/\/sertv.gob.pa\/nacionalfm\/no-existe-ningun-peligro-en-consumir-manzanas-en-panama\/","title":{"rendered":"No existe ning\u00fan peligro en consumir manzanas en Panam\u00e1"},"content":{"rendered":"<p>\nYuri Huerta, administrador de la Autoridad Paname\u00f1a de Seguridad de Alimento (AUPSA), asegur\u00f3 que no hay ning\u00fan peligro potencial en el consumo de manzanas en Panam\u00e1. <\/p>\n<p>\u00abDesde el mes de enero estamos monitoreando la alerta de la FDA acerca de manzanas acarameladas con listeria\u00bb,\u00a0 expres\u00f3 el Dr. Huerta. <\/p>\n<p>Se\u00f1al\u00f3 que vigilan los puertos por todos los alimentos que ingresen a Panam\u00e1 <\/p>\n<p>\u00abHemos realizado investigaciones. No se han importado manzanas infectadas\u00bb, agreg\u00f3 Huerta. <\/p>\n<p>\u00a0 <\/p>\n<p>\u00a0 <\/p>\n<p>\u00a0 <\/p>\n","protected":false},"excerpt":{"rendered":"<p>Yuri Huerta, administrador de la Autoridad Paname\u00f1a de Seguridad de <a href=\"https:\/\/sertv.gob.pa\/nacionalfm\/no-existe-ningun-peligro-en-consumir-manzanas-en-panama\/\"> [&#8230;]<\/a><\/p>\n","protected":false},"author":1,"featured_media":4478,"comment_status":"closed","ping_status":"closed","sticky":false,"template":"","format":"standard","meta":{"footnotes":""},"categories":[5],"tags":[],"class_list":["post-4477","post","type-post","status-publish","format-standard","has-post-thumbnail","hentry","category-salud"],"_links":{"self":[{"href":"https:\/\/sertv.gob.pa\/nacionalfm\/wp-json\/wp\/v2\/posts\/4477","targetHints":{"allow":["GET"]}}],"collection":[{"href":"https:\/\/sertv.gob.pa\/nacionalfm\/wp-json\/wp\/v2\/posts"}],"about":[{"href":"https:\/\/sertv.gob.pa\/nacionalfm\/wp-json\/wp\/v2\/types\/post"}],"author":[{"embeddable":true,"href":"https:\/\/sertv.gob.pa\/nacionalfm\/wp-json\/wp\/v2\/users\/1"}],"replies":[{"embeddable":true,"href":"https:\/\/sertv.gob.pa\/nacionalfm\/wp-json\/wp\/v2\/comments?post=4477"}],"version-history":[{"count":0,"href":"https:\/\/sertv.gob.pa\/nacionalfm\/wp-json\/wp\/v2\/posts\/4477\/revisions"}],"wp:featuredmedia":[{"embeddable":true,"href":"https:\/\/sertv.gob.pa\/nacionalfm\/wp-json\/wp\/v2\/media\/4478"}],"wp:attachment":[{"href":"https:\/\/sertv.gob.pa\/nacionalfm\/wp-json\/wp\/v2\/media?parent=4477"}],"wp:term":[{"taxonomy":"category","embeddable":true,"href":"https:\/\/sertv.gob.pa\/nacionalfm\/wp-json\/wp\/v2\/categories?post=4477"},{"taxonomy":"post_tag","embeddable":true,"href":"https:\/\/sertv.gob.pa\/nacionalfm\/wp-json\/wp\/v2\/tags?post=4477"}],"curies":[{"name":"wp","href":"https:\/\/api.w.org\/{rel}","templated":true}]}}