{"id":4479,"date":"2015-03-11T15:15:15","date_gmt":"2015-03-11T15:15:15","guid":{"rendered":""},"modified":"2015-03-11T15:15:15","modified_gmt":"2015-03-11T15:15:15","slug":"aumentan-casos-de-dengue-en-brasil","status":"publish","type":"post","link":"https:\/\/sertv.gob.pa\/nacionalfm\/aumentan-casos-de-dengue-en-brasil\/","title":{"rendered":"Aumentan casos de dengue en Brasil"},"content":{"rendered":"<p>\nBrasil registr\u00f3 en los dos primeros meses de este a\u00f1o 174 mil 676 casos de dengue, n\u00famero un 139 % superior al del mismo per\u00edodo de 2014 (73 mil 135), seg\u00fan un balance divulgado por el Ministerio de Salud. <\/p>\n<p>Pese al aumento de personas contagiadas, el n\u00famero de muertes por la enfermedad se redujo en un 37 %, desde 62 en los dos primeros meses de 2014 hasta 39 en lo que va de este a\u00f1o. <\/p>\n<p>De la misma manera, el n\u00famero de los llamados casos graves de dengue se redujo en un 17,2 %, desde 93 el a\u00f1o pasado hasta 77 en 2015, y el de los casos confirmados con se\u00f1ales de alarma, cuando la enfermedad puede agravarse, baj\u00f3 un 28 %, desde 771 hasta 555 en el per\u00edodo analizado. <\/p>\n<p>El balance fue divulgado por el ministro brasile\u00f1o de Salud, Arthur Chioro, en un evento en el que anunci\u00f3 la liberaci\u00f3n de 150 millones de reales (unos 50 millones de d\u00f3lares) para campa\u00f1as de los gobiernos regionales y municipales de prevenci\u00f3n del dengue y de combate al Aedes aegypti, el mosquito que transmite la enfermedad. <\/p>\n<p>Chioro destac\u00f3 especialmente la situaci\u00f3n en Sao Paulo, el estado m\u00e1s poblado de Brasil, donde el n\u00famero de muertos por dengue salt\u00f3 desde cinco en el primer bimestre del a\u00f1o pasado hasta 24 en los dos primeros meses de 2015, con un aumento del 380 %. <\/p>\n<p>\u00a0 <\/p>\n","protected":false},"excerpt":{"rendered":"<p>Brasil registr\u00f3 en los dos primeros meses de este a\u00f1o <a href=\"https:\/\/sertv.gob.pa\/nacionalfm\/aumentan-casos-de-dengue-en-brasil\/\"> [&#8230;]<\/a><\/p>\n","protected":false},"author":1,"featured_media":4480,"comment_status":"closed","ping_status":"closed","sticky":false,"template":"","format":"standard","meta":{"footnotes":""},"categories":[5],"tags":[],"class_list":["post-4479","post","type-post","status-publish","format-standard","has-post-thumbnail","hentry","category-salud"],"_links":{"self":[{"href":"https:\/\/sertv.gob.pa\/nacionalfm\/wp-json\/wp\/v2\/posts\/4479","targetHints":{"allow":["GET"]}}],"collection":[{"href":"https:\/\/sertv.gob.pa\/nacionalfm\/wp-json\/wp\/v2\/posts"}],"about":[{"href":"https:\/\/sertv.gob.pa\/nacionalfm\/wp-json\/wp\/v2\/types\/post"}],"author":[{"embeddable":true,"href":"https:\/\/sertv.gob.pa\/nacionalfm\/wp-json\/wp\/v2\/users\/1"}],"replies":[{"embeddable":true,"href":"https:\/\/sertv.gob.pa\/nacionalfm\/wp-json\/wp\/v2\/comments?post=4479"}],"version-history":[{"count":0,"href":"https:\/\/sertv.gob.pa\/nacionalfm\/wp-json\/wp\/v2\/posts\/4479\/revisions"}],"wp:featuredmedia":[{"embeddable":true,"href":"https:\/\/sertv.gob.pa\/nacionalfm\/wp-json\/wp\/v2\/media\/4480"}],"wp:attachment":[{"href":"https:\/\/sertv.gob.pa\/nacionalfm\/wp-json\/wp\/v2\/media?parent=4479"}],"wp:term":[{"taxonomy":"category","embeddable":true,"href":"https:\/\/sertv.gob.pa\/nacionalfm\/wp-json\/wp\/v2\/categories?post=4479"},{"taxonomy":"post_tag","embeddable":true,"href":"https:\/\/sertv.gob.pa\/nacionalfm\/wp-json\/wp\/v2\/tags?post=4479"}],"curies":[{"name":"wp","href":"https:\/\/api.w.org\/{rel}","templated":true}]}}