{"id":44873,"date":"2019-10-08T18:31:41","date_gmt":"2019-10-08T18:31:41","guid":{"rendered":"https:\/\/sertv.gob.pa\/nacionalfm\/?p=44873"},"modified":"2019-10-08T18:31:41","modified_gmt":"2019-10-08T18:31:41","slug":"india-recibe-primer-avion-de-combate-rafale-frances-2","status":"publish","type":"post","link":"https:\/\/sertv.gob.pa\/nacionalfm\/india-recibe-primer-avion-de-combate-rafale-frances-2\/","title":{"rendered":"India recibe primer avi\u00f3n de combate Rafale franc\u00e9s"},"content":{"rendered":"<p><strong><em>M\u00e9rignac (Francia) (AFP) |<\/em><\/strong><\/p>\n<p>India recibi\u00f3 el martes el primero de los 36 aviones de combate Rafale que encarg\u00f3 a Francia en 2016, un contrato por un valor de 8.000 millones de euros que Par\u00eds espera genere nuevas ventas en el extranjero.<\/p>\n<p>Es \u00abun d\u00eda hist\u00f3rico para las fuerzas armadas indias\u00bb, declar\u00f3 el ministro de Defensa indio, Rajnat Singh, que viaj\u00f3 hasta la planta de Dassault Aviation en M\u00e9rignac, en el suroeste de Francia.<\/p>\n<p>India, que en febrero libr\u00f3 batallas a\u00e9reas con su rival Pakist\u00e1n por Cachemira, est\u00e1 tratando de renovar su envejecida flota de jets Jaguar, Mirage 2000, Sukhoi 30 y Mig 21 y 27.<\/p>\n<p>Aunque el acuerdo es inferior al \u00abcontrato del siglo\u00bb de 126 aviones que hab\u00eda sido anunciado y luego abandonado en 2015, la venta es una de las m\u00e1s importante hasta ahora para la industria aeron\u00e1utica militar francesa, tras unas negociaciones que duraron varios a\u00f1os.<\/p>\n<p>Este contrato fue tambi\u00e9n el punto de partida de una controversia que dur\u00f3 m\u00e1s de un a\u00f1o en India.<\/p>\n<p>La oposici\u00f3n acus\u00f3 al gobierno de haber favorecido a un conglomerado privado, Reliance Group, como socio local de Dassault, a expensas de la empresa estatal Hindustan Aerospace Industries (HAL). Reliance Group est\u00e1 dirigido por el empresario Anil Ambani, un hombre cercano al primer ministro Narendra Modi.<\/p>\n<p>El Tribunal Supremo de India se neg\u00f3 a abrir una investigaci\u00f3n en diciembre de 2018, alegando que no hab\u00eda encontrado \u00abninguna prueba sustancial de pr\u00e1cticas de patrocinio comercial\u00bb.<\/p>\n<p>El presidente de Dassault Aviation, Eric Trappier, dijo el martes que el Rafale ha sido \u00abespecialmente desarrollado para satisfacer las necesidades extremadamente especializadas de la Fuerza A\u00e9rea de India\u00bb.<\/p>\n<p>\u00abLa aviaci\u00f3n de combate para ellos es un activo estrat\u00e9gico\u00bb, dijo a la AFP Jean-Paul Palomeros, ex jefe del Estado Mayor del Ej\u00e9rcito A\u00e9reo franc\u00e9s y experto de la firma de inteligencia estrat\u00e9gica CEIS.<\/p>\n<p>\u00abComo tal, su renovaci\u00f3n es una prioridad pol\u00edtica y militar\u00bb, a\u00f1adi\u00f3.<\/p>\n<p>&nbsp;<\/p>\n","protected":false},"excerpt":{"rendered":"<p>M\u00e9rignac (Francia) (AFP) | India recibi\u00f3 el martes el primero <a href=\"https:\/\/sertv.gob.pa\/nacionalfm\/india-recibe-primer-avion-de-combate-rafale-frances-2\/\"> [&#8230;]<\/a><\/p>\n","protected":false},"author":9,"featured_media":44871,"comment_status":"closed","ping_status":"closed","sticky":false,"template":"","format":"standard","meta":{"footnotes":""},"categories":[3],"tags":[],"class_list":["post-44873","post","type-post","status-publish","format-standard","has-post-thumbnail","hentry","category-internacionales"],"_links":{"self":[{"href":"https:\/\/sertv.gob.pa\/nacionalfm\/wp-json\/wp\/v2\/posts\/44873","targetHints":{"allow":["GET"]}}],"collection":[{"href":"https:\/\/sertv.gob.pa\/nacionalfm\/wp-json\/wp\/v2\/posts"}],"about":[{"href":"https:\/\/sertv.gob.pa\/nacionalfm\/wp-json\/wp\/v2\/types\/post"}],"author":[{"embeddable":true,"href":"https:\/\/sertv.gob.pa\/nacionalfm\/wp-json\/wp\/v2\/users\/9"}],"replies":[{"embeddable":true,"href":"https:\/\/sertv.gob.pa\/nacionalfm\/wp-json\/wp\/v2\/comments?post=44873"}],"version-history":[{"count":1,"href":"https:\/\/sertv.gob.pa\/nacionalfm\/wp-json\/wp\/v2\/posts\/44873\/revisions"}],"predecessor-version":[{"id":44877,"href":"https:\/\/sertv.gob.pa\/nacionalfm\/wp-json\/wp\/v2\/posts\/44873\/revisions\/44877"}],"wp:featuredmedia":[{"embeddable":true,"href":"https:\/\/sertv.gob.pa\/nacionalfm\/wp-json\/wp\/v2\/media\/44871"}],"wp:attachment":[{"href":"https:\/\/sertv.gob.pa\/nacionalfm\/wp-json\/wp\/v2\/media?parent=44873"}],"wp:term":[{"taxonomy":"category","embeddable":true,"href":"https:\/\/sertv.gob.pa\/nacionalfm\/wp-json\/wp\/v2\/categories?post=44873"},{"taxonomy":"post_tag","embeddable":true,"href":"https:\/\/sertv.gob.pa\/nacionalfm\/wp-json\/wp\/v2\/tags?post=44873"}],"curies":[{"name":"wp","href":"https:\/\/api.w.org\/{rel}","templated":true}]}}