{"id":45041,"date":"2019-10-11T13:44:54","date_gmt":"2019-10-11T13:44:54","guid":{"rendered":"https:\/\/sertv.gob.pa\/nacionalfm\/?p=45041"},"modified":"2019-10-11T13:44:54","modified_gmt":"2019-10-11T13:44:54","slug":"promesas-cumplidas-en-100-dias-del-gobierno-del-presidente-de-la-republica-de-panama-laurentino-cortizo-cohen","status":"publish","type":"post","link":"https:\/\/sertv.gob.pa\/nacionalfm\/promesas-cumplidas-en-100-dias-del-gobierno-del-presidente-de-la-republica-de-panama-laurentino-cortizo-cohen\/","title":{"rendered":"Promesas cumplidas en 100 d\u00edas del Gobierno del Presidente de la Rep\u00fablica de Panam\u00e1, Laurentino Cortizo Cohen"},"content":{"rendered":"<p>En 100 d\u00edas de administraci\u00f3n, el presidente Laurentino Cortizo Cohen, ha cumplido con las promesas plasmadas en su discurso de la toma de posesi\u00f3n del 1 de julio.<\/p>\n<p><strong>Dotar a Panam\u00e1 de un nuevo orden constitucional<\/strong><\/p>\n<ul>\n<li>En la tercera semana, el Ejecutivo present\u00f3 ante la Asamblea Nacional el paquete de reformas a la Constituci\u00f3n Pol\u00edtica elaborada por el Consejo de la Concertaci\u00f3n Nacional para el Desarrollo.<\/li>\n<\/ul>\n<p><strong>Reformar la Ley de Contrataci\u00f3n P\u00fablica para garantizar la transparencia.<\/strong><\/p>\n<ul>\n<li>Se present\u00f3 ante la Asamblea Nacional reformas a la Ley 22 de 2006 de Contrataci\u00f3n P\u00fablica y hoy viernes est\u00e1 en segundo debate.<\/li>\n<\/ul>\n<p><strong>Plan de reactivaci\u00f3n econ\u00f3mica para atraer inversiones y generar empleos<\/strong><\/p>\n<ul>\n<li>Se logr\u00f3 la emisi\u00f3n de bonos m\u00e1s exitosa de la historia de la Rep\u00fablica de Panam\u00e1:\u00a0 2 mil\u00a0 millones de d\u00f3lares con las tazas m\u00e1s bajas. Se deja evidencia de la recuperaci\u00f3n por la confianza fuera de las fronteras nacionales.<\/li>\n<li>Se destinan B\/.1,600 millones para el pago a proveedores locales.<\/li>\n<li>Se destinan B\/.420 millones para cancelar al sector bancario.<\/li>\n<li>Se estableci\u00f3 la firma electr\u00f3nica avanzada para tr\u00e1mites de los ministros.<\/li>\n<li>Se instal\u00f3 la oficina de ProPanam\u00e1, adscrita al Ministerio de Relaciones Exteriores para buscar informes.<\/li>\n<li>Se cre\u00f3 comisi\u00f3n para la eliminaci\u00f3n de Aupsa.<\/li>\n<\/ul>\n<p><strong>Se trabajar\u00e1 para recuperar la imagen de Panam\u00e1 en los mercados internacionales y lograr que se le excluya de listas negativas<\/strong><\/p>\n<ul>\n<li>Se cre\u00f3 la Unidad de Competitividad de los Servicios Internacionales, adscrita a la Presidencia para coordinar todas las acciones para sacar a Panam\u00e1 de todas las listas negras y que el presidente de la Rep\u00fablica realiza, todos los mi\u00e9rcoles, una reuni\u00f3n.<\/li>\n<li>Se realizaron en Nueva York reuniones con las principales casas evaluadoras de riesgo internacional, se hizo el compromiso de cumplir el plan del GAFI, luchar contra el blanqueo de capitales,\u00a0 la evasi\u00f3n fiscal, gestionar con transparencia y respeto a las leyes.<\/li>\n<\/ul>\n<p><strong>Programa de Austeridad y Eficiencia<\/strong><\/p>\n<ul>\n<li>Se puso en marcha plan para ordenar las finanzas p\u00fablicas.<\/li>\n<li>Programa Austeridad con Eficiencia, \u201chacer m\u00e1s con menos\u201d. Se ajust\u00f3 el Presupuesto del Estado por B\/.1,483 millones. B\/.495.3 millones a funcionamiento y B\/.988 millones a inversiones.<\/li>\n<li>Rebaja de vi\u00e1ticos y restricci\u00f3n de viajes al extranjero.<\/li>\n<\/ul>\n<p><strong>Ley de Asociaciones P\u00fablico Privada (APP) para facilitar obras p\u00fablicas<\/strong><\/p>\n<ul>\n<li>El 19 de septiembre fue sancionada la ley de las APP que promueve la competitividad y abre las puertas para financiamiento privado.<\/li>\n<\/ul>\n<p><strong>Conquista de la Sexta Frontera, combate a la pobreza y la desigualdad<\/strong><\/p>\n<ul>\n<li>Plan Colmena para una intervenci\u00f3n interinstitucional y efectiva a los 300 corregimientos m\u00e1s necesitados para eliminar la pobreza y desigualdad.<\/li>\n<li>Lanzamiento del plan Manos a la Obra para la recuperaci\u00f3n de la red vial.<\/li>\n<li>La ley de Intereses Preferenciales es una realidad, beneficia los pr\u00e9stamos a las personas que pacten un pr\u00e9stamo hipotecario, se extendi\u00f3 el tramo hasta B\/.180 mil.<\/li>\n<li>A trav\u00e9s del MIDA, se modific\u00f3 la Ley 4 de 1994 que cre\u00f3 el Fondo Especial de Compensaci\u00f3n de Intereses (FECI) que es un sistema de intereses preferenciales para el sector agropecuario dando en la primera etapa el 75%\u00a0 al sector agropecuario, y gradualmente llegar al 100% en el 2024.<\/li>\n<li>Aprobada las modificaciones de la Ley 1 del 2001 de medicamentos para unificar las compras institucionales del Ministerio de Salud, Caja del Seguro Social para garantizarle al pueblo medicamentes y abaratar costos. Para pasar del\u00a0 \u201cno hay\u201d por el \u201csi hay\u201d.<\/li>\n<li>Giras Comunitarias de Trabajo a Tambo de Penonom\u00e9, la comarca Ng\u00e4be-Bugl\u00e9, Ciricito Arriba de Capira, Col\u00f3n y Dari\u00e9n, se entregaron becas a la poblaci\u00f3n, giras de salud, respuesta a las necesidades inmediatas, y se escucharon los requerimientos de viva voz de la poblaci\u00f3n.<\/li>\n<li>Se han entregado cerca de 2,000 t\u00edtulos de propiedad a moradores en Bugaba y David, provincia de Chiriqu\u00ed; R\u00edo Hato, provincia de Cocl\u00e9 y Panam\u00e1 Este.<\/li>\n<li>El Ministerio de Trabajo instal\u00f3 la Mesa de Salario M\u00ednimo en la que los sectores productores de la econom\u00eda revisar\u00e1n los sueldos b\u00e1sicos.<\/li>\n<li>Senadis instal\u00f3 la Ruta Accesible que garantiza el acceso a un transporte c\u00f3modo y seguro para las personas con capacidades especiales.<\/li>\n<li>En acto celebrado en la Presidencia de la Rep\u00fablica, se instal\u00f3 el Comit\u00e9 Ejecutivo de Descentralizaci\u00f3n que verificar\u00e1 las inversiones municipales.<\/li>\n<li>Por medio del Fondo de Mantenimiento Vial (Fomavi) se impulsar\u00e1 un programa de preservaci\u00f3n de las v\u00edas del pa\u00eds.<\/li>\n<li>Se aprueba el Plan Nacional de Seguridad H\u00eddrica y se establece el Consejo Nacional del Agua y la Secretar\u00eda T\u00e9cnica del Agua.<\/li>\n<\/ul>\n<p>&nbsp;<\/p>\n<p><strong>Educaci\u00f3n: La Estrella del Plan de Gobierno<\/strong><\/p>\n<ul>\n<li>Se mantiene un di\u00e1logo permanente con los gremios docentes<\/li>\n<li>Puesta en marcha del Programa Estudiar sin Hambre.<\/li>\n<li>Se dise\u00f1\u00f3 el plan un vaso de leche y un plato de crema para los estudiantes de los colegios p\u00fablicos, que tendr\u00e1 como insumos productos nacionales para reactivar la producci\u00f3n nacional.<\/li>\n<li>Se cre\u00f3 el Ministerio de Cultura para apoyar las artes, la cultura nacional y expresiones art\u00edsticas y la educaci\u00f3n.<\/li>\n<li>El Teatro Nacional fue reabierto tras inversi\u00f3n estatal de B\/. 15 millones.<\/li>\n<li>Se aument\u00f3 el n\u00famero de d\u00edas del calendario escolar a partir del a\u00f1o 2020 con la finalidad de llegar a un n\u00famero de 210 d\u00edas de clases en el 2023.<\/li>\n<li>Se cumpli\u00f3 con el pago de m\u00e1s de B\/.39 millones a diez mil educadores en concepto de pago de vigencias, vacaciones adeudas y otros pendientes.<\/li>\n<li>Se instal\u00f3 el Gabinete de Ciencia y Tecnolog\u00eda.<\/li>\n<li>Respetar el listado entregado por Pacto por la Justicia para magistrados de la Corte Suprema de Justicia.<\/li>\n<\/ul>\n<p>&nbsp;<\/p>\n<p>&nbsp;<\/p>\n","protected":false},"excerpt":{"rendered":"<p>En 100 d\u00edas de administraci\u00f3n, el presidente Laurentino Cortizo Cohen, <a href=\"https:\/\/sertv.gob.pa\/nacionalfm\/promesas-cumplidas-en-100-dias-del-gobierno-del-presidente-de-la-republica-de-panama-laurentino-cortizo-cohen\/\"> [&#8230;]<\/a><\/p>\n","protected":false},"author":9,"featured_media":45004,"comment_status":"closed","ping_status":"closed","sticky":false,"template":"","format":"standard","meta":{"footnotes":""},"categories":[2],"tags":[],"class_list":["post-45041","post","type-post","status-publish","format-standard","has-post-thumbnail","hentry","category-nacionales"],"_links":{"self":[{"href":"https:\/\/sertv.gob.pa\/nacionalfm\/wp-json\/wp\/v2\/posts\/45041","targetHints":{"allow":["GET"]}}],"collection":[{"href":"https:\/\/sertv.gob.pa\/nacionalfm\/wp-json\/wp\/v2\/posts"}],"about":[{"href":"https:\/\/sertv.gob.pa\/nacionalfm\/wp-json\/wp\/v2\/types\/post"}],"author":[{"embeddable":true,"href":"https:\/\/sertv.gob.pa\/nacionalfm\/wp-json\/wp\/v2\/users\/9"}],"replies":[{"embeddable":true,"href":"https:\/\/sertv.gob.pa\/nacionalfm\/wp-json\/wp\/v2\/comments?post=45041"}],"version-history":[{"count":1,"href":"https:\/\/sertv.gob.pa\/nacionalfm\/wp-json\/wp\/v2\/posts\/45041\/revisions"}],"predecessor-version":[{"id":45042,"href":"https:\/\/sertv.gob.pa\/nacionalfm\/wp-json\/wp\/v2\/posts\/45041\/revisions\/45042"}],"wp:featuredmedia":[{"embeddable":true,"href":"https:\/\/sertv.gob.pa\/nacionalfm\/wp-json\/wp\/v2\/media\/45004"}],"wp:attachment":[{"href":"https:\/\/sertv.gob.pa\/nacionalfm\/wp-json\/wp\/v2\/media?parent=45041"}],"wp:term":[{"taxonomy":"category","embeddable":true,"href":"https:\/\/sertv.gob.pa\/nacionalfm\/wp-json\/wp\/v2\/categories?post=45041"},{"taxonomy":"post_tag","embeddable":true,"href":"https:\/\/sertv.gob.pa\/nacionalfm\/wp-json\/wp\/v2\/tags?post=45041"}],"curies":[{"name":"wp","href":"https:\/\/api.w.org\/{rel}","templated":true}]}}