{"id":4517,"date":"2015-03-12T15:33:42","date_gmt":"2015-03-12T15:33:42","guid":{"rendered":""},"modified":"2015-03-12T15:33:42","modified_gmt":"2015-03-12T15:33:42","slug":"descartan-contagio-de-ebola-en-soldados-guatemaltecos","status":"publish","type":"post","link":"https:\/\/sertv.gob.pa\/nacionalfm\/descartan-contagio-de-ebola-en-soldados-guatemaltecos\/","title":{"rendered":"Descartan contagio de \u00e9bola en soldados guatemaltecos"},"content":{"rendered":"<p>\nEl ministro de Defensa de Guatemala, Manuel L\u00f3pez, descart\u00f3 alg\u00fan enfermo de \u00e9bola en el contingente militar que regresar\u00e1 al pa\u00eds luego de participar en la misi\u00f3n de la ONU para la estabilizaci\u00f3n de la Rep\u00fablica Democr\u00e1tica del Congo (RDC). <\/p>\n<p>&lsquo;El personal viene sano y certificado por Naciones Unidas&rsquo;, dijo L\u00f3pez a periodistas, al anunciar el retorno de los 150 soldados a Guatemala previsto para el pr\u00f3ximo martes, tras cumplir nueve meses apoyando la Misi\u00f3n de las Naciones Unidas en el Congo. <\/p>\n<p>Aunque la Organizaci\u00f3n Mundial de la Salud (OMS) no reporta ning\u00fan contagio de \u00e9bola, el ministro a\u00f1adi\u00f3 que el grupo ser\u00e1 llevado por 21 d\u00edas a una base en el norte\u00f1o departamento de Pet\u00e9n para continuar con la evaluaci\u00f3n m\u00e9dica. <\/p>\n<p>&lsquo;Est\u00e1n contemplados todos los procesos que la OMS establece para control de cualquier tipo de enfermedad. Es importante recalcar que hemos extremado todas las medidas de seguridad&rsquo;, agreg\u00f3 L\u00f3pez. <\/p>\n","protected":false},"excerpt":{"rendered":"<p>El ministro de Defensa de Guatemala, Manuel L\u00f3pez, descart\u00f3 alg\u00fan <a href=\"https:\/\/sertv.gob.pa\/nacionalfm\/descartan-contagio-de-ebola-en-soldados-guatemaltecos\/\"> [&#8230;]<\/a><\/p>\n","protected":false},"author":1,"featured_media":4518,"comment_status":"closed","ping_status":"closed","sticky":false,"template":"","format":"standard","meta":{"footnotes":""},"categories":[5],"tags":[],"class_list":["post-4517","post","type-post","status-publish","format-standard","has-post-thumbnail","hentry","category-salud"],"_links":{"self":[{"href":"https:\/\/sertv.gob.pa\/nacionalfm\/wp-json\/wp\/v2\/posts\/4517","targetHints":{"allow":["GET"]}}],"collection":[{"href":"https:\/\/sertv.gob.pa\/nacionalfm\/wp-json\/wp\/v2\/posts"}],"about":[{"href":"https:\/\/sertv.gob.pa\/nacionalfm\/wp-json\/wp\/v2\/types\/post"}],"author":[{"embeddable":true,"href":"https:\/\/sertv.gob.pa\/nacionalfm\/wp-json\/wp\/v2\/users\/1"}],"replies":[{"embeddable":true,"href":"https:\/\/sertv.gob.pa\/nacionalfm\/wp-json\/wp\/v2\/comments?post=4517"}],"version-history":[{"count":0,"href":"https:\/\/sertv.gob.pa\/nacionalfm\/wp-json\/wp\/v2\/posts\/4517\/revisions"}],"wp:featuredmedia":[{"embeddable":true,"href":"https:\/\/sertv.gob.pa\/nacionalfm\/wp-json\/wp\/v2\/media\/4518"}],"wp:attachment":[{"href":"https:\/\/sertv.gob.pa\/nacionalfm\/wp-json\/wp\/v2\/media?parent=4517"}],"wp:term":[{"taxonomy":"category","embeddable":true,"href":"https:\/\/sertv.gob.pa\/nacionalfm\/wp-json\/wp\/v2\/categories?post=4517"},{"taxonomy":"post_tag","embeddable":true,"href":"https:\/\/sertv.gob.pa\/nacionalfm\/wp-json\/wp\/v2\/tags?post=4517"}],"curies":[{"name":"wp","href":"https:\/\/api.w.org\/{rel}","templated":true}]}}