{"id":4519,"date":"2015-03-12T15:40:00","date_gmt":"2015-03-12T15:40:00","guid":{"rendered":""},"modified":"2015-03-12T15:40:00","modified_gmt":"2015-03-12T15:40:00","slug":"sin-servicio-radiologico-por-3-meses-policlinica-de-calidonia","status":"publish","type":"post","link":"https:\/\/sertv.gob.pa\/nacionalfm\/sin-servicio-radiologico-por-3-meses-policlinica-de-calidonia\/","title":{"rendered":"Sin servicio radiol\u00f3gico por 3 meses Policl\u00ednica de Calidonia"},"content":{"rendered":"<p>\nLa Caja de Seguro Social (CSS) dio a conocer que en la policl\u00ednica Dr. Manuel Ferrer Vald\u00e9s, en Calidonia, se suspender\u00e1 el servicio de radiolog\u00eda por tres meses, debido a que se trabajar\u00e1 en la instalaci\u00f3n de un equipo radiogr\u00e1fico de fluoroscopio, m\u00e9todo de obtenci\u00f3n de im\u00e1genes de rayos X en tiempo real. \u00a0Los pacientes que requieran un examen radiol\u00f3gico deber\u00e1n asistir a otra policl\u00ednica de la CSS cercana. <\/p>\n<p>La entidad comunic\u00f3 que \u00fanicamente se atender\u00e1n los ex\u00e1menes de ultrasonido. <\/p>\n<p>\u00a0 <\/p>\n","protected":false},"excerpt":{"rendered":"<p>La Caja de Seguro Social (CSS) dio a conocer que <a href=\"https:\/\/sertv.gob.pa\/nacionalfm\/sin-servicio-radiologico-por-3-meses-policlinica-de-calidonia\/\"> [&#8230;]<\/a><\/p>\n","protected":false},"author":1,"featured_media":4520,"comment_status":"closed","ping_status":"closed","sticky":false,"template":"","format":"standard","meta":{"footnotes":""},"categories":[5],"tags":[],"class_list":["post-4519","post","type-post","status-publish","format-standard","has-post-thumbnail","hentry","category-salud"],"_links":{"self":[{"href":"https:\/\/sertv.gob.pa\/nacionalfm\/wp-json\/wp\/v2\/posts\/4519","targetHints":{"allow":["GET"]}}],"collection":[{"href":"https:\/\/sertv.gob.pa\/nacionalfm\/wp-json\/wp\/v2\/posts"}],"about":[{"href":"https:\/\/sertv.gob.pa\/nacionalfm\/wp-json\/wp\/v2\/types\/post"}],"author":[{"embeddable":true,"href":"https:\/\/sertv.gob.pa\/nacionalfm\/wp-json\/wp\/v2\/users\/1"}],"replies":[{"embeddable":true,"href":"https:\/\/sertv.gob.pa\/nacionalfm\/wp-json\/wp\/v2\/comments?post=4519"}],"version-history":[{"count":0,"href":"https:\/\/sertv.gob.pa\/nacionalfm\/wp-json\/wp\/v2\/posts\/4519\/revisions"}],"wp:featuredmedia":[{"embeddable":true,"href":"https:\/\/sertv.gob.pa\/nacionalfm\/wp-json\/wp\/v2\/media\/4520"}],"wp:attachment":[{"href":"https:\/\/sertv.gob.pa\/nacionalfm\/wp-json\/wp\/v2\/media?parent=4519"}],"wp:term":[{"taxonomy":"category","embeddable":true,"href":"https:\/\/sertv.gob.pa\/nacionalfm\/wp-json\/wp\/v2\/categories?post=4519"},{"taxonomy":"post_tag","embeddable":true,"href":"https:\/\/sertv.gob.pa\/nacionalfm\/wp-json\/wp\/v2\/tags?post=4519"}],"curies":[{"name":"wp","href":"https:\/\/api.w.org\/{rel}","templated":true}]}}