{"id":4533,"date":"2015-03-13T15:07:13","date_gmt":"2015-03-13T15:07:13","guid":{"rendered":""},"modified":"2015-03-13T15:07:13","modified_gmt":"2015-03-13T15:07:13","slug":"sexto-caso-de-hantavirus-es-confirmado-en-la-provincia-de-los-santos","status":"publish","type":"post","link":"https:\/\/sertv.gob.pa\/nacionalfm\/sexto-caso-de-hantavirus-es-confirmado-en-la-provincia-de-los-santos\/","title":{"rendered":"Sexto caso de hantavirus es confirmado en la Provincia de Los Santos"},"content":{"rendered":"<p>\nEn lo que va del a\u00f1o 2015, la Direcci\u00f3n M\u00e9dica del hospital rural de Tonos\u00ed, en la provincia de Los Santos, confirma el sexto caso de hantavirus. <\/p>\n<p>Jamileth Mari\u00f1a, directora del hospital en Tonos\u00ed, dio a conocer que el paciente ya se encuentra estable en su residencia y se trata de un joven de 32 a\u00f1os, residente en el Cacao de Tonos\u00ed. <\/p>\n<p>Seg\u00fan Mari\u00f1a, en Tonos\u00ed se han presentado cuatro casos, de estos dos en Tonos\u00ed cabecera, una femenina de la comunidad de Flores y el \u00faltimo en El Cacao. <\/p>\n<p>Los otros dos casos que se han registrado en la provincia, son uno de Las Tablas y el otro de Pedas\u00ed. <\/p>\n<p>\u00a0 <\/p>\n<p>\u00a0 <\/p>\n","protected":false},"excerpt":{"rendered":"<p>En lo que va del a\u00f1o 2015, la Direcci\u00f3n M\u00e9dica <a href=\"https:\/\/sertv.gob.pa\/nacionalfm\/sexto-caso-de-hantavirus-es-confirmado-en-la-provincia-de-los-santos\/\"> [&#8230;]<\/a><\/p>\n","protected":false},"author":1,"featured_media":4534,"comment_status":"closed","ping_status":"closed","sticky":false,"template":"","format":"standard","meta":{"footnotes":""},"categories":[5],"tags":[],"class_list":["post-4533","post","type-post","status-publish","format-standard","has-post-thumbnail","hentry","category-salud"],"_links":{"self":[{"href":"https:\/\/sertv.gob.pa\/nacionalfm\/wp-json\/wp\/v2\/posts\/4533","targetHints":{"allow":["GET"]}}],"collection":[{"href":"https:\/\/sertv.gob.pa\/nacionalfm\/wp-json\/wp\/v2\/posts"}],"about":[{"href":"https:\/\/sertv.gob.pa\/nacionalfm\/wp-json\/wp\/v2\/types\/post"}],"author":[{"embeddable":true,"href":"https:\/\/sertv.gob.pa\/nacionalfm\/wp-json\/wp\/v2\/users\/1"}],"replies":[{"embeddable":true,"href":"https:\/\/sertv.gob.pa\/nacionalfm\/wp-json\/wp\/v2\/comments?post=4533"}],"version-history":[{"count":0,"href":"https:\/\/sertv.gob.pa\/nacionalfm\/wp-json\/wp\/v2\/posts\/4533\/revisions"}],"wp:featuredmedia":[{"embeddable":true,"href":"https:\/\/sertv.gob.pa\/nacionalfm\/wp-json\/wp\/v2\/media\/4534"}],"wp:attachment":[{"href":"https:\/\/sertv.gob.pa\/nacionalfm\/wp-json\/wp\/v2\/media?parent=4533"}],"wp:term":[{"taxonomy":"category","embeddable":true,"href":"https:\/\/sertv.gob.pa\/nacionalfm\/wp-json\/wp\/v2\/categories?post=4533"},{"taxonomy":"post_tag","embeddable":true,"href":"https:\/\/sertv.gob.pa\/nacionalfm\/wp-json\/wp\/v2\/tags?post=4533"}],"curies":[{"name":"wp","href":"https:\/\/api.w.org\/{rel}","templated":true}]}}