{"id":4545,"date":"2015-03-13T19:10:07","date_gmt":"2015-03-13T19:10:07","guid":{"rendered":""},"modified":"2015-03-13T19:10:07","modified_gmt":"2015-03-13T19:10:07","slug":"como-una-pandemia-podria-emerger-gripe-aviar-h7n9","status":"publish","type":"post","link":"https:\/\/sertv.gob.pa\/nacionalfm\/como-una-pandemia-podria-emerger-gripe-aviar-h7n9\/","title":{"rendered":"Como una pandemia podr\u00eda emerger gripe aviar H7N9"},"content":{"rendered":"<p>\nSeg\u00fan un estudio publicado en la revista \u00abNature\u00bb, el segundo brote de la gripe aviar H7N9 en China podr\u00eda tener el potencial de emerger como una cepa pand\u00e9mica a menos que se establezcan las medidas de control necesarias. <\/p>\n<p>La segunda epidemia del virus H7N9, que ha ocasionado m\u00e1s de cien muertes entre los humanos, se ha diversificado a trav\u00e9s de los mercados de aves vivas de China, por lo que si no se aplican medidas de control eficaces el H7N9 podr\u00eda extenderse por otras regiones. <\/p>\n<p>El estudio, liderado por Yi Guan, de la Universidad de Hong Kong, ha identificado un gran n\u00famero de variantes gen\u00e9ticas en los pollos que se han extendido por todo el pa\u00eds, probablemente debido al movimiento de las aves por las rutas comerciales. <\/p>\n<p>\u00abEl H7N9 es un nuevo virus de la gripe aviar que se gener\u00f3 por recombinaci\u00f3n entre los virus de los patos dom\u00e9sticos y los de la gripe H9N2 que circulaban en los pollos\u00bb, explic\u00f3 a Efe Yi Guan. <\/p>\n<p>\u00a0 <\/p>\n","protected":false},"excerpt":{"rendered":"<p>Seg\u00fan un estudio publicado en la revista \u00abNature\u00bb, el segundo <a href=\"https:\/\/sertv.gob.pa\/nacionalfm\/como-una-pandemia-podria-emerger-gripe-aviar-h7n9\/\"> [&#8230;]<\/a><\/p>\n","protected":false},"author":1,"featured_media":4546,"comment_status":"closed","ping_status":"closed","sticky":false,"template":"","format":"standard","meta":{"footnotes":""},"categories":[5],"tags":[],"class_list":["post-4545","post","type-post","status-publish","format-standard","has-post-thumbnail","hentry","category-salud"],"_links":{"self":[{"href":"https:\/\/sertv.gob.pa\/nacionalfm\/wp-json\/wp\/v2\/posts\/4545","targetHints":{"allow":["GET"]}}],"collection":[{"href":"https:\/\/sertv.gob.pa\/nacionalfm\/wp-json\/wp\/v2\/posts"}],"about":[{"href":"https:\/\/sertv.gob.pa\/nacionalfm\/wp-json\/wp\/v2\/types\/post"}],"author":[{"embeddable":true,"href":"https:\/\/sertv.gob.pa\/nacionalfm\/wp-json\/wp\/v2\/users\/1"}],"replies":[{"embeddable":true,"href":"https:\/\/sertv.gob.pa\/nacionalfm\/wp-json\/wp\/v2\/comments?post=4545"}],"version-history":[{"count":0,"href":"https:\/\/sertv.gob.pa\/nacionalfm\/wp-json\/wp\/v2\/posts\/4545\/revisions"}],"wp:featuredmedia":[{"embeddable":true,"href":"https:\/\/sertv.gob.pa\/nacionalfm\/wp-json\/wp\/v2\/media\/4546"}],"wp:attachment":[{"href":"https:\/\/sertv.gob.pa\/nacionalfm\/wp-json\/wp\/v2\/media?parent=4545"}],"wp:term":[{"taxonomy":"category","embeddable":true,"href":"https:\/\/sertv.gob.pa\/nacionalfm\/wp-json\/wp\/v2\/categories?post=4545"},{"taxonomy":"post_tag","embeddable":true,"href":"https:\/\/sertv.gob.pa\/nacionalfm\/wp-json\/wp\/v2\/tags?post=4545"}],"curies":[{"name":"wp","href":"https:\/\/api.w.org\/{rel}","templated":true}]}}