{"id":4549,"date":"2015-03-14T05:00:00","date_gmt":"2015-03-14T05:00:00","guid":{"rendered":""},"modified":"2015-03-14T05:00:00","modified_gmt":"2015-03-14T05:00:00","slug":"jornada-de-cirugias-cardiovasculares-seran-realizadas-por-css","status":"publish","type":"post","link":"https:\/\/sertv.gob.pa\/nacionalfm\/jornada-de-cirugias-cardiovasculares-seran-realizadas-por-css\/","title":{"rendered":"Jornada de cirug\u00edas cardiovasculares ser\u00e1n realizadas por CSS"},"content":{"rendered":"<p>\nUnos 16 ni\u00f1os de entre 3 meses de nacidos y 8 a\u00f1os de edad se beneficiar\u00e1n con la XV versi\u00f3n de las jornadas de cirug\u00eda cardiovasculares del Hospital de Especialidades Pedi\u00e1tricas de la Caja de Seguro Social (CSS), que cuentan con el apoyo de profesionales de la medicina del World Pediatric Project de Estados Unidos. <\/p>\n<p>El director de Cardiolog\u00eda del centro hospitalario, Jos\u00e9 Luis De La Rosa, inform\u00f3 que de los ni\u00f1os incluidos en la lista, siete recibir\u00e1n una cirug\u00eda a coraz\u00f3n abierto. <\/p>\n<p>\u00a0 <\/p>\n","protected":false},"excerpt":{"rendered":"<p>Unos 16 ni\u00f1os de entre 3 meses de nacidos y <a href=\"https:\/\/sertv.gob.pa\/nacionalfm\/jornada-de-cirugias-cardiovasculares-seran-realizadas-por-css\/\"> [&#8230;]<\/a><\/p>\n","protected":false},"author":1,"featured_media":4550,"comment_status":"closed","ping_status":"closed","sticky":false,"template":"","format":"standard","meta":{"footnotes":""},"categories":[5],"tags":[],"class_list":["post-4549","post","type-post","status-publish","format-standard","has-post-thumbnail","hentry","category-salud"],"_links":{"self":[{"href":"https:\/\/sertv.gob.pa\/nacionalfm\/wp-json\/wp\/v2\/posts\/4549","targetHints":{"allow":["GET"]}}],"collection":[{"href":"https:\/\/sertv.gob.pa\/nacionalfm\/wp-json\/wp\/v2\/posts"}],"about":[{"href":"https:\/\/sertv.gob.pa\/nacionalfm\/wp-json\/wp\/v2\/types\/post"}],"author":[{"embeddable":true,"href":"https:\/\/sertv.gob.pa\/nacionalfm\/wp-json\/wp\/v2\/users\/1"}],"replies":[{"embeddable":true,"href":"https:\/\/sertv.gob.pa\/nacionalfm\/wp-json\/wp\/v2\/comments?post=4549"}],"version-history":[{"count":0,"href":"https:\/\/sertv.gob.pa\/nacionalfm\/wp-json\/wp\/v2\/posts\/4549\/revisions"}],"wp:featuredmedia":[{"embeddable":true,"href":"https:\/\/sertv.gob.pa\/nacionalfm\/wp-json\/wp\/v2\/media\/4550"}],"wp:attachment":[{"href":"https:\/\/sertv.gob.pa\/nacionalfm\/wp-json\/wp\/v2\/media?parent=4549"}],"wp:term":[{"taxonomy":"category","embeddable":true,"href":"https:\/\/sertv.gob.pa\/nacionalfm\/wp-json\/wp\/v2\/categories?post=4549"},{"taxonomy":"post_tag","embeddable":true,"href":"https:\/\/sertv.gob.pa\/nacionalfm\/wp-json\/wp\/v2\/tags?post=4549"}],"curies":[{"name":"wp","href":"https:\/\/api.w.org\/{rel}","templated":true}]}}