{"id":45494,"date":"2019-10-21T17:06:45","date_gmt":"2019-10-21T17:06:45","guid":{"rendered":"https:\/\/sertv.gob.pa\/nacionalfm\/?p=45494"},"modified":"2019-10-21T17:06:45","modified_gmt":"2019-10-21T17:06:45","slug":"pareja-presidencial-de-panama-estara-en-ceremonia-de-entronizacion-del-nuevo-emperador-de-japon","status":"publish","type":"post","link":"https:\/\/sertv.gob.pa\/nacionalfm\/pareja-presidencial-de-panama-estara-en-ceremonia-de-entronizacion-del-nuevo-emperador-de-japon\/","title":{"rendered":"Pareja presidencial de Panam\u00e1, estar\u00e1  en ceremonia de entronizaci\u00f3n del nuevo emperador de Jap\u00f3n"},"content":{"rendered":"<p>El presidente de la Rep\u00fablica de Panam\u00e1, Laurentino Cortizo Cohen, parti\u00f3 el s\u00e1bado, 19 de octubre, \u00a0hacia Jap\u00f3n en vuelo comercial a fin de participar en la ceremonia de entronizaci\u00f3n de Naruhito, como el nuevo emperador del pa\u00eds del Sol Naciente.<\/p>\n<p>La ocasi\u00f3n, ser\u00e1 aprovechada por el presidente paname\u00f1o y la delegaci\u00f3n para cumplir distintas reuniones bilaterales y suscitar acercamientos que se traduzcan en la futura atracci\u00f3n de inversiones y otros beneficios para el pa\u00eds.<\/p>\n<p>El mandatario paname\u00f1o, viaj\u00f3 acompa\u00f1ado de su esposa, la se\u00f1ora Yazm\u00edn Col\u00f3n de Cortizo, y se espera que est\u00e9 de vuelta a Panam\u00e1 el 25 de octubre.<\/p>\n<p>De igual manera, Cortizo Cohen, le acompa\u00f1aron, el ministro Consejero para la Facilitaci\u00f3n de la Inversi\u00f3n Privada, Jos\u00e9 Alejandro Rojas; y el embajador y c\u00f3nsul de Panam\u00e1 en Tokio, Carlo Pere.<\/p>\n<p>Los actos oficiales est\u00e1n programados para el 22 de octubre y se espera que a la ceremonia concurran los jefes de Estado de unos 190 pa\u00edses.<\/p>\n<p>La entronizaci\u00f3n del nuevo emperador japon\u00e9s, se realizar\u00e1 ante la realeza de todo el mundo y en total 2,500 invitados.<\/p>\n<p>Durante el viaje de trabajo, el presidente paname\u00f1o se reunir\u00e1 con representantes del gobierno de este pa\u00eds con el cual se mantienen estrechos lazos por ser uno de los principales usuarios del Canal de Panam\u00e1.<\/p>\n","protected":false},"excerpt":{"rendered":"<p>El presidente de la Rep\u00fablica de Panam\u00e1, Laurentino Cortizo Cohen, <a href=\"https:\/\/sertv.gob.pa\/nacionalfm\/pareja-presidencial-de-panama-estara-en-ceremonia-de-entronizacion-del-nuevo-emperador-de-japon\/\"> [&#8230;]<\/a><\/p>\n","protected":false},"author":9,"featured_media":45495,"comment_status":"closed","ping_status":"closed","sticky":false,"template":"","format":"standard","meta":{"footnotes":""},"categories":[1],"tags":[],"class_list":["post-45494","post","type-post","status-publish","format-standard","has-post-thumbnail","hentry","category-sin-categoria"],"_links":{"self":[{"href":"https:\/\/sertv.gob.pa\/nacionalfm\/wp-json\/wp\/v2\/posts\/45494","targetHints":{"allow":["GET"]}}],"collection":[{"href":"https:\/\/sertv.gob.pa\/nacionalfm\/wp-json\/wp\/v2\/posts"}],"about":[{"href":"https:\/\/sertv.gob.pa\/nacionalfm\/wp-json\/wp\/v2\/types\/post"}],"author":[{"embeddable":true,"href":"https:\/\/sertv.gob.pa\/nacionalfm\/wp-json\/wp\/v2\/users\/9"}],"replies":[{"embeddable":true,"href":"https:\/\/sertv.gob.pa\/nacionalfm\/wp-json\/wp\/v2\/comments?post=45494"}],"version-history":[{"count":1,"href":"https:\/\/sertv.gob.pa\/nacionalfm\/wp-json\/wp\/v2\/posts\/45494\/revisions"}],"predecessor-version":[{"id":45496,"href":"https:\/\/sertv.gob.pa\/nacionalfm\/wp-json\/wp\/v2\/posts\/45494\/revisions\/45496"}],"wp:featuredmedia":[{"embeddable":true,"href":"https:\/\/sertv.gob.pa\/nacionalfm\/wp-json\/wp\/v2\/media\/45495"}],"wp:attachment":[{"href":"https:\/\/sertv.gob.pa\/nacionalfm\/wp-json\/wp\/v2\/media?parent=45494"}],"wp:term":[{"taxonomy":"category","embeddable":true,"href":"https:\/\/sertv.gob.pa\/nacionalfm\/wp-json\/wp\/v2\/categories?post=45494"},{"taxonomy":"post_tag","embeddable":true,"href":"https:\/\/sertv.gob.pa\/nacionalfm\/wp-json\/wp\/v2\/tags?post=45494"}],"curies":[{"name":"wp","href":"https:\/\/api.w.org\/{rel}","templated":true}]}}