{"id":4581,"date":"2015-03-16T15:26:41","date_gmt":"2015-03-16T15:26:41","guid":{"rendered":""},"modified":"2015-03-16T15:26:41","modified_gmt":"2015-03-16T15:26:41","slug":"durante-estacion-seca-se-reportan-7-casos-de-chikungunya","status":"publish","type":"post","link":"https:\/\/sertv.gob.pa\/nacionalfm\/durante-estacion-seca-se-reportan-7-casos-de-chikungunya\/","title":{"rendered":"Durante estaci\u00f3n seca se reportan 7 casos de chikungunya"},"content":{"rendered":"<p>\nAutoridades del Ministerio de Salud (Minsa) reportan que en lo que va del a\u00f1o se han identificado siete casos positivos del virus, a\u00fan cuando en la estaci\u00f3n seca se reduce la incidencia del mosquito transmisor del chikungunya. <\/p>\n<p>En Panam\u00e1 Metro se han detectado 5 casos, Col\u00f3n 1 y San Miguelito 1, seg\u00fan se desprende de un informe de la Direcci\u00f3n de Epidemiolog\u00eda del Minsa. <\/p>\n<p>Agrega el informe que hasta la octava semana del a\u00f1o se hab\u00eda hecho muestras de sangre a 52 personas que presentaban los s\u00edntomas, de los que solo siete resultaron positivos y dos est\u00e1n pendientes de los resultados de las pruebas. <\/p>\n<p>Sobre los indicadores del dengue, las cifras son m\u00e1s alarmantes. El reporte epidemiol\u00f3gico se\u00f1ala que hasta la octava semana se hab\u00edan reportado 240 casos confirmados, de los cuales 227 eran sin signos de alarma y 13 con signos de alarma. Otros 86 se mantienen bajo sospecha. <\/p>\n<p>Como un plan piloto gubernamental que busca disminuir la incidencia de ambas enfermedades, el Minsa estudia la posibilidad de ampliar el proyecto de liberaci\u00f3n de mosquitos transg\u00e9nicos que reducen el vector. <\/p>\n","protected":false},"excerpt":{"rendered":"<p>Autoridades del Ministerio de Salud (Minsa) reportan que en lo <a href=\"https:\/\/sertv.gob.pa\/nacionalfm\/durante-estacion-seca-se-reportan-7-casos-de-chikungunya\/\"> [&#8230;]<\/a><\/p>\n","protected":false},"author":1,"featured_media":4582,"comment_status":"closed","ping_status":"closed","sticky":false,"template":"","format":"standard","meta":{"footnotes":""},"categories":[5],"tags":[],"class_list":["post-4581","post","type-post","status-publish","format-standard","has-post-thumbnail","hentry","category-salud"],"_links":{"self":[{"href":"https:\/\/sertv.gob.pa\/nacionalfm\/wp-json\/wp\/v2\/posts\/4581","targetHints":{"allow":["GET"]}}],"collection":[{"href":"https:\/\/sertv.gob.pa\/nacionalfm\/wp-json\/wp\/v2\/posts"}],"about":[{"href":"https:\/\/sertv.gob.pa\/nacionalfm\/wp-json\/wp\/v2\/types\/post"}],"author":[{"embeddable":true,"href":"https:\/\/sertv.gob.pa\/nacionalfm\/wp-json\/wp\/v2\/users\/1"}],"replies":[{"embeddable":true,"href":"https:\/\/sertv.gob.pa\/nacionalfm\/wp-json\/wp\/v2\/comments?post=4581"}],"version-history":[{"count":0,"href":"https:\/\/sertv.gob.pa\/nacionalfm\/wp-json\/wp\/v2\/posts\/4581\/revisions"}],"wp:featuredmedia":[{"embeddable":true,"href":"https:\/\/sertv.gob.pa\/nacionalfm\/wp-json\/wp\/v2\/media\/4582"}],"wp:attachment":[{"href":"https:\/\/sertv.gob.pa\/nacionalfm\/wp-json\/wp\/v2\/media?parent=4581"}],"wp:term":[{"taxonomy":"category","embeddable":true,"href":"https:\/\/sertv.gob.pa\/nacionalfm\/wp-json\/wp\/v2\/categories?post=4581"},{"taxonomy":"post_tag","embeddable":true,"href":"https:\/\/sertv.gob.pa\/nacionalfm\/wp-json\/wp\/v2\/tags?post=4581"}],"curies":[{"name":"wp","href":"https:\/\/api.w.org\/{rel}","templated":true}]}}